{"id":20230,"date":"2015-12-10T12:11:53","date_gmt":"2015-12-10T18:11:53","guid":{"rendered":"https:\/\/radiowebmx.com\/nota\/?p=20230"},"modified":"2015-12-10T12:11:53","modified_gmt":"2015-12-10T18:11:53","slug":"temas-de-cafe-411","status":"publish","type":"post","link":"https:\/\/radiowebmx.com\/nota\/temas-de-cafe-411\/","title":{"rendered":"TEMAS DE CAF\u00c9"},"content":{"rendered":"<ul>\n<li><a href=\"https:\/\/radiowebmx.com\/nota\/wp-content\/uploads\/2013\/06\/temas-de-cafe.jpg\"><img loading=\"lazy\" decoding=\"async\" class=\"alignleft size-full wp-image-2805\" src=\"https:\/\/radiowebmx.com\/nota\/wp-content\/uploads\/2013\/06\/temas-de-cafe.jpg\" alt=\"temas de cafe\" width=\"295\" height=\"171\" \/><\/a>ASI NI COMO DEFENDERLOS<\/li>\n<li>CANCELAN TODO DESARROLLO<\/li>\n<li>LA LUCHA POR EL PRI ESTATAL<\/li>\n<li>MARIA ISABEL CEJA LINARES<\/li>\n<\/ul>\n<p>La verdad ni c\u00f3mo defender a los normalistas y a los ind\u00edgenas, as\u00ed como a los padres y madres de los j\u00f3venes, que fueron remitidos a diferentes centros de rehabilitaci\u00f3n federales, porque una vez que fueron detenidos en actos abiertamente il\u00edcitos, contra la ley en vez de buscar la simpat\u00eda de la gente, provocan a\u00fan m\u00e1s la irritaci\u00f3n de la mayor\u00eda de los michoacanos, quienes han sufrido por d\u00e9cadas a las manifestaciones, y protestas de estos j\u00f3venes principalmente, quienes ahora cuentan con el apoyo de un peque\u00f1o grupo de ind\u00edgenas, desde luego desinformados y sobre todo de los padres, que hasta ahora se preocuparon por sus hijos, cuando lo hubieran hecho cuando secuestraban unidades del transporte, cuando robaban camiones de transporte de alimentos, y se robaban la mercanc\u00eda, entonces se hubieran preocupado por ellos, no ahora que fueron remitidos por sus actos il\u00edcitos.<\/p>\n<p>TOMAS Y BLOQUEOS EN VARIAS PARTES DEL ESTADO<\/p>\n<p>En respuesta al env\u00edo de j\u00f3venes a ceferesos federales, la CNTE\u00a0 contra atac\u00f3 y bloque\u00f3 presidencias municipales, y calles, carreteras y en Morelia varias calles del centro hist\u00f3rico, y es que se debe cambiar de estrategia, porque as\u00ed se alejan cada d\u00eda m\u00e1s de los ciudadanos, los cuales los ven como un peligro, en vez de apoyarlos en sus luchas, que la verdad muy poca gente entienden.<\/p>\n<p>\u00bfC\u00f3mo buscar apoyos violando la ley?, \u00bfc\u00f3mo no tener el repudio de los michoacanos, cuando han sido factores determinantes, para que el desarrollo econ\u00f3mico se mantenga distante de la entidad?, manejados por\u00a0 personas perversas han errado el camino para lograr sus concesiones, porque con violencia irritando a la sociedad, no van a lograr nada porque adem\u00e1s no recordamos, que grupos sociales restringidos hayan ganado, la partida al gobierno federal.<\/p>\n<p>APOYO GENERAL EN LAS REDES AL GOBIERNO<\/p>\n<p>Si usted le da una revisada a las redes sociales, encontrar\u00e1 un 98 por ciento de los comentarios, respaldando las acciones del gobierno, solamente una que otra voz aislada en contra de los actos de gobierno, a los cuales tratamos de entender, porque tienen su propia visi\u00f3n, pero razonando c\u00f3mo justificar esos actos violentos, realizados por\u00a0 personas que cubren sus caras armados con palos enormes, para enfrentar a la polic\u00eda, la cual no los reprimen solamente contienen, tal parece que en Michoac\u00e1n, Guerrero, Oaxaca y Chiapas hay grupos que buscan causar problemas al gobierno federal.<\/p>\n<p>REVISAR A FONDO LAS NORMALES: MACARENA<\/p>\n<p>Con las manifestaciones los comerciantes del centro hist\u00f3rico,\u00a0 pierden dinero, los transportistas con los secuestros hoy est\u00e1n perdiendo, 20 millones diarios pero adem\u00e1s la imagen del estado, a pesar de que se han hecho esfuerzos, para limpiar la imagen del estado, mediante programas televisivos todo se destruye con actos vand\u00e1licos, de esta naturaleza realizado por normalistas e ind\u00edgenas, que exigen recursos cuando cancelan todo desarrollo econ\u00f3mico, as\u00ed \u00bfcomo entenderlos y defenderlos o justificarlos?.<\/p>\n<p>MARIA ISABEL CEJA, SATISFACE A LOS DIPUTADOS<\/p>\n<p>Si hubiera l\u00f3gica jur\u00eddica no habr\u00eda problema, para que Mar\u00eda Isabel Ceja Linares, sucediera a la magistrada Mar\u00eda Carmen Gonz\u00e1lez V\u00e9lez Aldana,\u00a0 porque ella desde la creaci\u00f3n del Tribunal de Justicia Administrativa de Michoac\u00e1n, ha ocupado la coordinaci\u00f3n de la defensor\u00eda jur\u00eddica, es el organismo que est\u00e1 en constante contacto con la gente, que lleva sus casos contra actos violatorios, de las diversas dependencias tanto del gobierno del estado, como de los gobiernos municipales.<\/p>\n<p>Ella de acuerdo a la convocatoria, lanzada por el Congreso del Estado ya compareci\u00f3, ante los integrantes de las comisiones unidas de justicia y gobernaci\u00f3n, dejando una grata impresi\u00f3n, tanto en conocimientos sobre el Tribunal de Justicia Administrativa, como de cultura jur\u00eddica en general, ella es egresada de la Facultad de Derecho y Ciencias Sociales de la Universidad Michoacana, adem\u00e1s entre las ventajas sustantivas que tiene, Mar\u00eda Isabel es que quien debe sustituir, a la magistrada Gonz\u00e1lez V\u00e9lez Aldana, debe ser mujer por cuesti\u00f3n de g\u00e9nero.<\/p>\n<p>LUCHA POR LA DIRIGENCIA ESTATAL DEL PRI<\/p>\n<p>En este proceso que no ser\u00e1 f\u00e1cil, porque antes se deben reestructurar los comit\u00e9s municipales,\u00a0 y algunos sectores como la CNC y la CTM, los priistas deben mostrar humildad y cerrar filas, para integrar un comit\u00e9 representativo y proporcional a la fuerza de cada grupo, \u00a0y parece que se podr\u00eda definir finalmente, a favor de V\u00edctor Silva Tejeda, quien es uno de los pocos personajes, que podr\u00edan contar con el visto bueno, de la mayor\u00eda de los grupos al interior del PRI, entre quienes destacan de acuerdo a los resultados electorales del pasado domingo Fausto Vallejo, Jes\u00fas Reina, el mismo V\u00edctor Silva y Tinoco Rub\u00ed, sin dejar fuera a los perdedores como Chon Orihuela y Alfredo Anaya.<\/p>\n<p>Desde luego se habr\u00e1 que tejer fino, porque adem\u00e1s de los personajes que les hemos comentado, que buscan la dirigencia, entre quienes destacan Guillermo Valencia, Armando Medina, ahora Felipe de Jes\u00fas\u00a0 Dom\u00ednguez, agregue usted a Merco Polo Aguirre, Adriana Hern\u00e1ndez y aunque usted no lo crea, Antonio Ixtl\u00e1huac y sorpr\u00e9ndase Fernando Salom\u00f3n Rosales, quien afirma que la mayor\u00eda de las figuras, que aspiran a dirigir al PRI\u00a0 ya se le pas\u00f3 su tienpo, por edad o por oportunidades y solamente Fernando Salom\u00f3n, re\u00fane las caracter\u00edsticas que necesita el PRI hoy, para Ripley, es como un sue\u00f1o loco de oto\u00f1o.<\/p>\n<p>ANTES AMIGOS AHORA \u00bfENEMIGOS?<\/p>\n<p>Los antecedentes de C\u00e9sar Ch\u00e1vez hoy presidente municipal de Apatzing\u00e1n, y de Sergio Ochoa hoy\u00a0 diputado local, es que antes eran amigos y socios en algunas obras, tal vez donde empezaron las diferencias, fue cuando Sergio busc\u00f3 ser candidato, a la presidencia municipal\u00a0 y C\u00e9sar igual, finalmente todos salieron ganando, C\u00e9sar es alcalde y Sergio diputado local, la cuesti\u00f3n es que hoy ha trascendido que hay serias diferencias, entre estos dos pol\u00edticos, es m\u00e1s Sergio a afirma que est\u00e1 amenazado seriamente, por el hoy alcalde de Apatzing\u00e1n.<\/p>\n<p>OTRO ESCENARIO PARA EL PRI: ANTONIO GUZMAN<\/p>\n<p>Hay otro grupo con proyecto a corto y largo plazo, y est\u00e1 bien cada quien puede emprender su propio proyecto, cuando haya coincidencias, as\u00ed tenemos que otro grupo de priistas, busca llevar a Antonio Guzm\u00e1n a la dirigencia estatal del PRI, para poder aspirar en dos a\u00f1os a una senadur\u00eda o diputaci\u00f3n federal, desde donde poder aspirar a la candidatura del PR0I, al gobierno del estado este grupo se integra, adem\u00e1s de los siguientes personajes, Roberto Carlos L\u00f3pez, diputado local y dirigente estatal de la CNC, quien como le hemos contado dirige \u00a0un grupo de cinco legisladores locales.<\/p>\n<p>Obviamente para seguir avanzando en este proyecto, que reiteramos est\u00e1 bien, todo priista tiene derecho de integrarse a un proyecto pol\u00edtico, est\u00e1n Jes\u00fas Luna y Ricardo Guzm\u00e1n principalmente, aunque hay m\u00e1s aspirantes, estos ya no participan de ese proyecto porque est\u00e1n en otros, como Vicente Estrada, Rosa Mar\u00eda Molina, Emma Mondrag\u00f3n, Emilio Lucatero y Felipe Contreras quienes ya han tenido algunas reuniones, con el delegado nacional el norte\u00f1o Gilberto de la Pe\u00f1a, enviado de Manuel Cota\u00a0 dirigente nacional de la CNC, quien tiene la misi\u00f3n de evitar que se desborden los \u00e1nimos, en este proceso para elegir al sucesor de Roberto Carlos L\u00f3pez, quien ha realizado una buena dirigencia.<\/p>\n<p>ALFONSO MARTINEZ Y JAIME DARIO OSEGUERA<\/p>\n<p>Es necesario comentarle al presidente municipal, de Morelia Alfonso Mart\u00ednez que cada vez se parece m\u00e1s, a Jaime Dar\u00edo Oseguera cuando el ahora notario p\u00fablico, all\u00e1 por las tierras de Tar\u00edmbaro, se convirti\u00f3 en secretario de gobierno, de pronto se transform\u00f3 y adopt\u00f3 la costumbre de no contestar su celular, cuando los pol\u00edticos michoacanos que han dejado huella, si no pod\u00edan contestar en el momento, se reportaban por la tarde cuando tuvieran m\u00e1s tiempo.<\/p>\n<p>Espetamos que Alfonso Mart\u00ednez modifique su proceder, porque es joven y nos parece que tiene una larga carrera pol\u00edtica por delante, pero con esta costumbre que acaba de adoptar, no ir\u00e1 a ning\u00fan lado que valga la pena, porque pronto la ciudadan\u00eda le empezar\u00e1 a dar la espalda, debe fijarse bien d\u00f3nde se encuentra hoy Jaime Dar\u00edo Oseguera, rumiando su fracaso pol\u00edtico en lindas oficinas de su notar\u00eda, as\u00ed que si Alfonso cree que esta presidencia municipal es sus meta final, est\u00e1 bien, a por buen camino rumbo al ostracismo.<\/p>\n","protected":false},"excerpt":{"rendered":"<p>\u2022\tASI NI COMO DEFENDERLOS<br \/>\n\u2022\tCANCELAN TODO DESARROLLO<br \/>\n\u2022\tLA LUCHA POR EL PRI ESTATAL<br \/>\n\u2022\tMARIA ISABEL CEJA LINARES<\/p>\n","protected":false},"author":1,"featured_media":0,"comment_status":"open","ping_status":"open","sticky":false,"template":"","format":"standard","meta":{"footnotes":""},"categories":[4,14,10],"tags":[],"class_list":["post-20230","post","type-post","status-publish","format-standard","hentry","category-columnistas","category-destacadas","category-juan-manuel-belmonte"],"_links":{"self":[{"href":"https:\/\/radiowebmx.com\/nota\/wp-json\/wp\/v2\/posts\/20230","targetHints":{"allow":["GET"]}}],"collection":[{"href":"https:\/\/radiowebmx.com\/nota\/wp-json\/wp\/v2\/posts"}],"about":[{"href":"https:\/\/radiowebmx.com\/nota\/wp-json\/wp\/v2\/types\/post"}],"author":[{"embeddable":true,"href":"https:\/\/radiowebmx.com\/nota\/wp-json\/wp\/v2\/users\/1"}],"replies":[{"embeddable":true,"href":"https:\/\/radiowebmx.com\/nota\/wp-json\/wp\/v2\/comments?post=20230"}],"version-history":[{"count":1,"href":"https:\/\/radiowebmx.com\/nota\/wp-json\/wp\/v2\/posts\/20230\/revisions"}],"predecessor-version":[{"id":20231,"href":"https:\/\/radiowebmx.com\/nota\/wp-json\/wp\/v2\/posts\/20230\/revisions\/20231"}],"wp:attachment":[{"href":"https:\/\/radiowebmx.com\/nota\/wp-json\/wp\/v2\/media?parent=20230"}],"wp:term":[{"taxonomy":"category","embeddable":true,"href":"https:\/\/radiowebmx.com\/nota\/wp-json\/wp\/v2\/categories?post=20230"},{"taxonomy":"post_tag","embeddable":true,"href":"https:\/\/radiowebmx.com\/nota\/wp-json\/wp\/v2\/tags?post=20230"}],"curies":[{"name":"wp","href":"https:\/\/api.w.org\/{rel}","templated":true}]}}