{"id":2023,"date":"2013-04-01T11:38:18","date_gmt":"2013-04-01T17:38:18","guid":{"rendered":"https:\/\/radiowebmx.com\/nota\/?p=2023"},"modified":"2013-04-01T11:38:18","modified_gmt":"2013-04-01T17:38:18","slug":"reformas-a-la-ley-de-amparo-buscan-que-su-tramitacion-sea-mas-agil-vega-casillas","status":"publish","type":"post","link":"https:\/\/radiowebmx.com\/nota\/reformas-a-la-ley-de-amparo-buscan-que-su-tramitacion-sea-mas-agil-vega-casillas\/","title":{"rendered":"Reformas a la Ley de Amparo buscan que su tramitaci\u00f3n sea m\u00e1s \u00e1gil: Vega Casillas"},"content":{"rendered":"<p>El senador Salvador Vega Casillas asegur\u00f3 que las reformas que se est\u00e1n planteando en la Ley de Amparo avalada en el Senado, responden a la necesidad de modernizar y adecuar el juicio de amparo para que su tramitaci\u00f3n sea m\u00e1s \u00e1gil y oportuna.<\/p>\n<p>&nbsp;<\/p>\n<p>\u201cCon esta reforma se pondr\u00e1 fin a las pr\u00e1cticas que usan algunos sectores empresariales, como los concesionarios de telecomunicaci\u00f3n y radiodifusi\u00f3n o due\u00f1os de casinos, para evitar ser sancionados\u201d.<\/p>\n<p>&nbsp;<\/p>\n<p>Adem\u00e1s el senador panista se\u00f1al\u00f3 que esta ley dar\u00e1 la posibilidad a los ciudadanos de protegerse frente a los actos arbitrarios de los gobernantes, de promover juicios contra actos u omisiones e incluso de particulares en caso de violaci\u00f3n a los derechos consagrados no s\u00f3lo en la Constituci\u00f3n, sino tambi\u00e9n en los tratados internacionales suscritos por M\u00e9xico.<\/p>\n<p>&nbsp;<\/p>\n<p>\u201cPara que M\u00e9xico pueda seguir creciendo y desarroll\u00e1ndose como lo ha hecho desde los \u00faltimos a\u00f1os, es necesario que garanticemos un marco jur\u00eddico equitativo, condiciones de competencia equilibrada y un gobierno transparente capaz de responder y resolver las necesidades de los mexicanos y no las propias\u201d.<\/p>\n<p>&nbsp;<\/p>\n<p>Vega Casillas agreg\u00f3 que adem\u00e1s plantea adecuaciones a la Ley Org\u00e1nica del Poder Judicial de la Federaci\u00f3n y a la Ley Org\u00e1nica de la Procuradur\u00eda General de la Rep\u00fablica (PGR), mismas que permitir\u00e1n que el juicio de amparo siga siendo el principal instrumento de defensa de derechos que tienen las personas para protegerse de los actos de las autoridades.<\/p>\n<p>&nbsp;<\/p>\n<p>\u201cHemos dejado atr\u00e1s las viejas pr\u00e1cticas autoritarias y de favoritismo bajo las que se aplicaba la ley en nuestro pa\u00eds, desde hace 12 a\u00f1os en M\u00e9xico no se gobierna desde la opacidad y discrecionalidad; hoy se gobierna con equilibrio entre los poderes y con respeto absoluto a la voluntad ciudadana\u201d.<\/p>\n<p>&nbsp;<\/p>\n<p>Por \u00faltimo, el legislador blanquiazul se congratul\u00f3 de que despu\u00e9s de ser aprobada por primera vez la minuta en 2011, se est\u00e9 avanzando en las reformas y espera que pronto pueda ser publicada en el Diario Oficial de la Federaci\u00f3n para su aplicaci\u00f3n, ya que reiter\u00f3 que ser\u00e1 un instrumento que le dar\u00e1 certeza jur\u00eddica al pa\u00eds y, sobre todo, fortalecer\u00e1 los derechos m\u00e1s importantes y fundamentales de los ciudadanos.<\/p>\n","protected":false},"excerpt":{"rendered":"<p>El senador Salvador Vega Casillas asegur\u00f3 que las reformas que se est\u00e1n planteando en la Ley de Amparo avalada en el Senado, responden a la necesidad de modernizar y adecuar el juicio de amparo para que su tramitaci\u00f3n sea m\u00e1s \u00e1gil y oportuna.<\/p>\n","protected":false},"author":1,"featured_media":0,"comment_status":"open","ping_status":"open","sticky":false,"template":"","format":"standard","meta":{"footnotes":""},"categories":[14],"tags":[],"class_list":["post-2023","post","type-post","status-publish","format-standard","hentry","category-destacadas"],"_links":{"self":[{"href":"https:\/\/radiowebmx.com\/nota\/wp-json\/wp\/v2\/posts\/2023","targetHints":{"allow":["GET"]}}],"collection":[{"href":"https:\/\/radiowebmx.com\/nota\/wp-json\/wp\/v2\/posts"}],"about":[{"href":"https:\/\/radiowebmx.com\/nota\/wp-json\/wp\/v2\/types\/post"}],"author":[{"embeddable":true,"href":"https:\/\/radiowebmx.com\/nota\/wp-json\/wp\/v2\/users\/1"}],"replies":[{"embeddable":true,"href":"https:\/\/radiowebmx.com\/nota\/wp-json\/wp\/v2\/comments?post=2023"}],"version-history":[{"count":1,"href":"https:\/\/radiowebmx.com\/nota\/wp-json\/wp\/v2\/posts\/2023\/revisions"}],"predecessor-version":[{"id":2024,"href":"https:\/\/radiowebmx.com\/nota\/wp-json\/wp\/v2\/posts\/2023\/revisions\/2024"}],"wp:attachment":[{"href":"https:\/\/radiowebmx.com\/nota\/wp-json\/wp\/v2\/media?parent=2023"}],"wp:term":[{"taxonomy":"category","embeddable":true,"href":"https:\/\/radiowebmx.com\/nota\/wp-json\/wp\/v2\/categories?post=2023"},{"taxonomy":"post_tag","embeddable":true,"href":"https:\/\/radiowebmx.com\/nota\/wp-json\/wp\/v2\/tags?post=2023"}],"curies":[{"name":"wp","href":"https:\/\/api.w.org\/{rel}","templated":true}]}}