{"id":20226,"date":"2015-12-10T12:09:50","date_gmt":"2015-12-10T18:09:50","guid":{"rendered":"https:\/\/radiowebmx.com\/nota\/?p=20226"},"modified":"2015-12-10T12:09:50","modified_gmt":"2015-12-10T18:09:50","slug":"imde-otorgara-descuentos-en-complejos-acuaticos-a-participantes-en-serial-camina-trota-corre-por-michoacan","status":"publish","type":"post","link":"https:\/\/radiowebmx.com\/nota\/imde-otorgara-descuentos-en-complejos-acuaticos-a-participantes-en-serial-camina-trota-corre-por-michoacan\/","title":{"rendered":"IMDE otorgar\u00e1 descuentos en complejos acu\u00e1ticos a participantes en serial Camina, trota, corre por Michoac\u00e1n"},"content":{"rendered":"<p><a href=\"https:\/\/radiowebmx.com\/nota\/wp-content\/uploads\/2015\/12\/a537e839-cea2-45d7-ad53-0ee7ec13bcf3.jpg\"><img loading=\"lazy\" decoding=\"async\" class=\"alignleft size-full wp-image-20227\" src=\"https:\/\/radiowebmx.com\/nota\/wp-content\/uploads\/2015\/12\/a537e839-cea2-45d7-ad53-0ee7ec13bcf3.jpg\" alt=\"a537e839-cea2-45d7-ad53-0ee7ec13bcf3\" width=\"591\" height=\"324\" srcset=\"https:\/\/radiowebmx.com\/nota\/wp-content\/uploads\/2015\/12\/a537e839-cea2-45d7-ad53-0ee7ec13bcf3.jpg 591w, https:\/\/radiowebmx.com\/nota\/wp-content\/uploads\/2015\/12\/a537e839-cea2-45d7-ad53-0ee7ec13bcf3-300x164.jpg 300w\" sizes=\"auto, (max-width: 591px) 100vw, 591px\" \/><\/a>Con el respaldo de la administraci\u00f3n municipal que encabeza el Alcalde, Alfonso Mart\u00ednez Alc\u00e1zar, a trav\u00e9s del Instituto Municipal de Cultura F\u00edsica y Deporte (Imde), la llamada \u201cCapital Nacional del Deporte\u201d, albergar\u00e1 el cierre del serial \u201cCamina, Trota, Corre por Michoac\u00e1n 2015\u201d, el pr\u00f3ximo 20 de diciembre, con la participaci\u00f3n de 3 mil 500 personas. Todos los asistentes tendr\u00e1n derecho a un descuento del 20 por ciento en la mensualidad de enero de 2016, en los diversos complejos acu\u00e1ticos administrados por el ayuntamiento local, siempre y cuando sean usuarios de reci\u00e9n ingreso.<\/p>\n<p>Camina, Trota y Corre, es un programa federal de la Comisi\u00f3n Nacional de Cultura F\u00edsica y Deporte (Conade), aplicado en Michoac\u00e1n por la Comisi\u00f3n Estatal de Cultura F\u00edsica y Deporte (Cecufid); consiste en desarrollar una carrera de tipo recreativa de s\u00f3lo 5 kil\u00f3metros dirigida a la poblaci\u00f3n en general en una sola categor\u00eda abierta tanto para la rama femenil como varonil, en la que se puede caminar, trotar o correr de acuerdo al gusto de cada persona.<\/p>\n<p>La presentaci\u00f3n del serial en Morelia fue encabezada por el director general del Imde, Gustavo Ju\u00e1rez Bedolla, quien estuvo acompa\u00f1ado por la titular de la Comisi\u00f3n Estatal de Cultura F\u00edsica y Deporte (Cecufid), Edna D\u00edaz Acevedo; Liliana L\u00f3pez Buenrostro, secretaria de Turismo en la entidad, as\u00ed como diversas autoridades de los tres \u00f3rdenes de gobierno.<\/p>\n<p>\u201cUna de las principales preocupaciones de nuestro presidente municipal, Alfonso Mart\u00ednez Alc\u00e1zar, en materia de salud p\u00fablica, es el\u00a0 erradicar la obesidad y el sedentarismo entre\u00a0 la poblaci\u00f3n que habita en nuestra ciudad, as\u00ed como en sus tenencias; es por ello, que el pr\u00f3ximo 20 de diciembre en Morelia, se llevar\u00e1 a cabo la d\u00e9cimo cuarta etapa del serial \u201cCamina, Trota, Corre por Michoac\u00e1n 20|5\u201d, para la cual nos hemos fijado la meta de reunir a m\u00e1s de 3 mil 500 personas, a quienes adem\u00e1s de recibir su kit de participaci\u00f3n, les otorgaremos un descuento del 20 por ciento en el mes de enero de 2016, en los complejos acu\u00e1ticos: Villa Magna, Bicentenario e Indeco-Morelos, siempre y cuando sean personas de recien ingreso\u201d, destac\u00f3 el dirigente del Imde, Gustavo Ju\u00e1rez Bedolla.<\/p>\n","protected":false},"excerpt":{"rendered":"<p>Con el respaldo de la administraci\u00f3n municipal que encabeza el Alcalde, Alfonso Mart\u00ednez Alc\u00e1zar, a trav\u00e9s del Imde, la llamada \u201cCapital Nacional del Deporte\u201d, albergar\u00e1 el cierre del serial \u201cCamina, Trota, Corre por Michoac\u00e1n 2015\u201d,<\/p>\n","protected":false},"author":1,"featured_media":20227,"comment_status":"open","ping_status":"open","sticky":false,"template":"","format":"standard","meta":{"footnotes":""},"categories":[14,9],"tags":[],"class_list":["post-20226","post","type-post","status-publish","format-standard","has-post-thumbnail","hentry","category-destacadas","category-morelia"],"_links":{"self":[{"href":"https:\/\/radiowebmx.com\/nota\/wp-json\/wp\/v2\/posts\/20226","targetHints":{"allow":["GET"]}}],"collection":[{"href":"https:\/\/radiowebmx.com\/nota\/wp-json\/wp\/v2\/posts"}],"about":[{"href":"https:\/\/radiowebmx.com\/nota\/wp-json\/wp\/v2\/types\/post"}],"author":[{"embeddable":true,"href":"https:\/\/radiowebmx.com\/nota\/wp-json\/wp\/v2\/users\/1"}],"replies":[{"embeddable":true,"href":"https:\/\/radiowebmx.com\/nota\/wp-json\/wp\/v2\/comments?post=20226"}],"version-history":[{"count":1,"href":"https:\/\/radiowebmx.com\/nota\/wp-json\/wp\/v2\/posts\/20226\/revisions"}],"predecessor-version":[{"id":20229,"href":"https:\/\/radiowebmx.com\/nota\/wp-json\/wp\/v2\/posts\/20226\/revisions\/20229"}],"wp:featuredmedia":[{"embeddable":true,"href":"https:\/\/radiowebmx.com\/nota\/wp-json\/wp\/v2\/media\/20227"}],"wp:attachment":[{"href":"https:\/\/radiowebmx.com\/nota\/wp-json\/wp\/v2\/media?parent=20226"}],"wp:term":[{"taxonomy":"category","embeddable":true,"href":"https:\/\/radiowebmx.com\/nota\/wp-json\/wp\/v2\/categories?post=20226"},{"taxonomy":"post_tag","embeddable":true,"href":"https:\/\/radiowebmx.com\/nota\/wp-json\/wp\/v2\/tags?post=20226"}],"curies":[{"name":"wp","href":"https:\/\/api.w.org\/{rel}","templated":true}]}}