{"id":20223,"date":"2015-12-10T12:06:14","date_gmt":"2015-12-10T18:06:14","guid":{"rendered":"https:\/\/radiowebmx.com\/nota\/?p=20223"},"modified":"2015-12-10T12:06:14","modified_gmt":"2015-12-10T18:06:14","slug":"plan-de-desarrollo-municipal-2015-2018-resultado-de-la-participacion-ciudadana-alfonso-martinez","status":"publish","type":"post","link":"https:\/\/radiowebmx.com\/nota\/plan-de-desarrollo-municipal-2015-2018-resultado-de-la-participacion-ciudadana-alfonso-martinez\/","title":{"rendered":"Plan de Desarrollo Municipal 2015-2018, resultado de la participaci\u00f3n ciudadana: Alfonso Mart\u00ednez"},"content":{"rendered":"<p><a href=\"https:\/\/radiowebmx.com\/nota\/wp-content\/uploads\/2015\/12\/8f7c0753-a898-43ad-8e56-0796521e53e3.jpg\"><img loading=\"lazy\" decoding=\"async\" class=\"alignleft size-full wp-image-20224\" src=\"https:\/\/radiowebmx.com\/nota\/wp-content\/uploads\/2015\/12\/8f7c0753-a898-43ad-8e56-0796521e53e3.jpg\" alt=\"8f7c0753-a898-43ad-8e56-0796521e53e3\" width=\"591\" height=\"370\" srcset=\"https:\/\/radiowebmx.com\/nota\/wp-content\/uploads\/2015\/12\/8f7c0753-a898-43ad-8e56-0796521e53e3.jpg 591w, https:\/\/radiowebmx.com\/nota\/wp-content\/uploads\/2015\/12\/8f7c0753-a898-43ad-8e56-0796521e53e3-300x188.jpg 300w\" sizes=\"auto, (max-width: 591px) 100vw, 591px\" \/><\/a>Con un proyecto hecho por y para los ciudadanos, en el que su participaci\u00f3n, evaluaci\u00f3n y vigilancia ser\u00e1 la clave para la consolidaci\u00f3n de una visi\u00f3n integral para Morelia a largo plazo, es como lograremos colocar a nuestra ciudad a la vanguardia y construir juntos el municipio que todos so\u00f1amos, afirm\u00f3 el Presidente Municipal Alfonso Mart\u00ednez Alc\u00e1zar, durante la Reuni\u00f3n de entrega de resultados del Plan de Desarrollo Municipal 2015-2018 Morelia NExT 1.0.<\/p>\n<p>Acompa\u00f1ado del encargado de despacho del Coplademun, Antonio Plaza Urbina, el director del Instituto Municipal de Planeaci\u00f3n (IMPLAN), Pedro Cital Beltr\u00e1n, funcionarios municipales, integrantes del Consejo Ciudadano, as\u00ed como representantes de diversos sectores de la sociedad, el Alcalde se dijo convencido de que este plan de gran visi\u00f3n es el resultado de la participaci\u00f3n de la ciudadan\u00eda y no de la actual administraci\u00f3n.<\/p>\n<p>\u201cNo quiero que este proyecto sea visto como del gobierno, sino de los ciudadanos; que ustedes se apropien de \u00e9l, porque aqu\u00ed est\u00e1 plasmada la idea de muchas mujeres y hombres que dieron su aportaci\u00f3n en las consultas p\u00fablicas realizadas por el IMPLAN y las cuales fueron integradas en el Plan de Desarrollo\u201d, puntualiz\u00f3.<\/p>\n<p>Por ello, Mart\u00ednez Alc\u00e1zar llam\u00f3 a la poblaci\u00f3n a ser defensora de este proyecto para que logre trascender administraciones: \u201clo que les toca es cumplirlo y vigilar que cumplamos esa tarea, no s\u00f3lo estos 3 a\u00f1os sino que prevalezca en el tiempo y que sea la ciudad que todos so\u00f1amos en 25 a\u00f1os\u201d, agreg\u00f3.<\/p>\n<p>En este tenor, refiri\u00f3 que la capital del estado tiene todas las bases para avanzar y ponerse a la vanguardia, por lo que confi\u00f3 en que con este este plan, Morelia avanzar\u00e1 en un futuro cercano.<\/p>\n","protected":false},"excerpt":{"rendered":"<p>Con un proyecto hecho por y para los ciudadanos, en el que su participaci\u00f3n, evaluaci\u00f3n y vigilancia ser\u00e1 la clave para la consolidaci\u00f3n de una visi\u00f3n integral para Morelia a largo plazo,<\/p>\n","protected":false},"author":1,"featured_media":20224,"comment_status":"open","ping_status":"open","sticky":false,"template":"","format":"standard","meta":{"footnotes":""},"categories":[14,9],"tags":[],"class_list":["post-20223","post","type-post","status-publish","format-standard","has-post-thumbnail","hentry","category-destacadas","category-morelia"],"_links":{"self":[{"href":"https:\/\/radiowebmx.com\/nota\/wp-json\/wp\/v2\/posts\/20223","targetHints":{"allow":["GET"]}}],"collection":[{"href":"https:\/\/radiowebmx.com\/nota\/wp-json\/wp\/v2\/posts"}],"about":[{"href":"https:\/\/radiowebmx.com\/nota\/wp-json\/wp\/v2\/types\/post"}],"author":[{"embeddable":true,"href":"https:\/\/radiowebmx.com\/nota\/wp-json\/wp\/v2\/users\/1"}],"replies":[{"embeddable":true,"href":"https:\/\/radiowebmx.com\/nota\/wp-json\/wp\/v2\/comments?post=20223"}],"version-history":[{"count":1,"href":"https:\/\/radiowebmx.com\/nota\/wp-json\/wp\/v2\/posts\/20223\/revisions"}],"predecessor-version":[{"id":20225,"href":"https:\/\/radiowebmx.com\/nota\/wp-json\/wp\/v2\/posts\/20223\/revisions\/20225"}],"wp:featuredmedia":[{"embeddable":true,"href":"https:\/\/radiowebmx.com\/nota\/wp-json\/wp\/v2\/media\/20224"}],"wp:attachment":[{"href":"https:\/\/radiowebmx.com\/nota\/wp-json\/wp\/v2\/media?parent=20223"}],"wp:term":[{"taxonomy":"category","embeddable":true,"href":"https:\/\/radiowebmx.com\/nota\/wp-json\/wp\/v2\/categories?post=20223"},{"taxonomy":"post_tag","embeddable":true,"href":"https:\/\/radiowebmx.com\/nota\/wp-json\/wp\/v2\/tags?post=20223"}],"curies":[{"name":"wp","href":"https:\/\/api.w.org\/{rel}","templated":true}]}}