{"id":20220,"date":"2015-12-10T12:01:25","date_gmt":"2015-12-10T18:01:25","guid":{"rendered":"https:\/\/radiowebmx.com\/nota\/?p=20220"},"modified":"2015-12-10T12:01:25","modified_gmt":"2015-12-10T18:01:25","slug":"clausura-dif-de-morelia-taller-de-orientacion-alimentaria","status":"publish","type":"post","link":"https:\/\/radiowebmx.com\/nota\/clausura-dif-de-morelia-taller-de-orientacion-alimentaria\/","title":{"rendered":"Clausura DIF de Morelia Taller de Orientaci\u00f3n Alimentaria"},"content":{"rendered":"<p><a href=\"https:\/\/radiowebmx.com\/nota\/wp-content\/uploads\/2015\/12\/529ee3fa-a153-415c-b80d-6770dfaeba58.jpg\"><img loading=\"lazy\" decoding=\"async\" class=\"alignleft size-full wp-image-20221\" src=\"https:\/\/radiowebmx.com\/nota\/wp-content\/uploads\/2015\/12\/529ee3fa-a153-415c-b80d-6770dfaeba58.jpg\" alt=\"529ee3fa-a153-415c-b80d-6770dfaeba58\" width=\"591\" height=\"335\" srcset=\"https:\/\/radiowebmx.com\/nota\/wp-content\/uploads\/2015\/12\/529ee3fa-a153-415c-b80d-6770dfaeba58.jpg 591w, https:\/\/radiowebmx.com\/nota\/wp-content\/uploads\/2015\/12\/529ee3fa-a153-415c-b80d-6770dfaeba58-300x170.jpg 300w, https:\/\/radiowebmx.com\/nota\/wp-content\/uploads\/2015\/12\/529ee3fa-a153-415c-b80d-6770dfaeba58-128x72.jpg 128w\" sizes=\"auto, (max-width: 591px) 100vw, 591px\" \/><\/a>Con una participaci\u00f3n de 199 mujeres de diversas colonias y comunidades de Morelia, el DIF Municipal llev\u00f3 a cabo la clausura del Taller de Orientaci\u00f3n Alimentaria, que\u00a0tuvo como objetivo capacitar a las familias y escuelas a llevar una alimentaci\u00f3n variada, sana y equilibrada.<\/p>\n<p>Durante el acto, la Presidenta Honoraria del DIF, Paola Delgadillo de Mart\u00ednez felicit\u00f3 a las mujeres que tomaron este taller, quienes preocupadas y ocupadas se sumaron para poner en pr\u00e1ctica una habilidad m\u00e1s en beneficio de la salud de sus familias.<\/p>\n<p>Asimismo, subray\u00f3 que gracias a este tipo de capacitaciones se puede fomentar una mejora continua, lo que permite que las amas de casa se enriquezcan y crezcan en diversas \u00e1reas, pero sobre todo, ayudan a fomentar la salud.<\/p>\n<p>En presencia de la encarga de despacho del DIF Municipal, Carla Isamara Hern\u00e1ndez L\u00f3pez, el secretario de Desarrollo Social, Guillermo Mar\u00edn Ch\u00e1vez, el regidor F\u00e9lix Madrigal Pulido y la beneficiaria Sonia P\u00e9rez Dimas, \u00a0Paola Delgadillo resalt\u00f3 que es fundamental continuar, promover y combatir \u00a0la desnutrici\u00f3n en nuestros ni\u00f1os mediante una pol\u00edtica p\u00fablica bien estructurada y constante, por lo que desde el DIF seguir\u00e1n trabajando en este tema visitando los 26 espacios de alimentaci\u00f3n que se tienen y revisando que las personas que acudan puedan contar con sus alimentos del d\u00eda.<\/p>\n<p>Es de mencionar que durante el acto se entregaron las constancias que acreditan a las 199 mujeres que tomaron el taller, el cual consisti\u00f3 en 10 sesiones, en este tenor, Carla Isamara Hern\u00e1ndez precis\u00f3 que estas sesiones se impartieron a 16 comit\u00e9s de las siguientes colonias: Leandro Valle, Eduardo Ru\u00edz, Lago II, Zindurio de Morelos, Nuevo Amanecer, La Primavera, Hermosa Provincia, Jardines de Santiaguito, Pablo Galeana, Mariano Escobedo, Lomas del Pedregal, Ejidal Isaac Arriaga e Independencia.<\/p>\n","protected":false},"excerpt":{"rendered":"<p>Con una participaci\u00f3n de 199 mujeres de diversas colonias y comunidades de Morelia, el DIF Municipal llev\u00f3 a cabo la clausura del Taller de Orientaci\u00f3n Alimentaria, <\/p>\n","protected":false},"author":1,"featured_media":20221,"comment_status":"open","ping_status":"open","sticky":false,"template":"","format":"standard","meta":{"footnotes":""},"categories":[14,9],"tags":[],"class_list":["post-20220","post","type-post","status-publish","format-standard","has-post-thumbnail","hentry","category-destacadas","category-morelia"],"_links":{"self":[{"href":"https:\/\/radiowebmx.com\/nota\/wp-json\/wp\/v2\/posts\/20220","targetHints":{"allow":["GET"]}}],"collection":[{"href":"https:\/\/radiowebmx.com\/nota\/wp-json\/wp\/v2\/posts"}],"about":[{"href":"https:\/\/radiowebmx.com\/nota\/wp-json\/wp\/v2\/types\/post"}],"author":[{"embeddable":true,"href":"https:\/\/radiowebmx.com\/nota\/wp-json\/wp\/v2\/users\/1"}],"replies":[{"embeddable":true,"href":"https:\/\/radiowebmx.com\/nota\/wp-json\/wp\/v2\/comments?post=20220"}],"version-history":[{"count":1,"href":"https:\/\/radiowebmx.com\/nota\/wp-json\/wp\/v2\/posts\/20220\/revisions"}],"predecessor-version":[{"id":20222,"href":"https:\/\/radiowebmx.com\/nota\/wp-json\/wp\/v2\/posts\/20220\/revisions\/20222"}],"wp:featuredmedia":[{"embeddable":true,"href":"https:\/\/radiowebmx.com\/nota\/wp-json\/wp\/v2\/media\/20221"}],"wp:attachment":[{"href":"https:\/\/radiowebmx.com\/nota\/wp-json\/wp\/v2\/media?parent=20220"}],"wp:term":[{"taxonomy":"category","embeddable":true,"href":"https:\/\/radiowebmx.com\/nota\/wp-json\/wp\/v2\/categories?post=20220"},{"taxonomy":"post_tag","embeddable":true,"href":"https:\/\/radiowebmx.com\/nota\/wp-json\/wp\/v2\/tags?post=20220"}],"curies":[{"name":"wp","href":"https:\/\/api.w.org\/{rel}","templated":true}]}}