{"id":20217,"date":"2015-12-10T11:53:41","date_gmt":"2015-12-10T17:53:41","guid":{"rendered":"https:\/\/radiowebmx.com\/nota\/?p=20217"},"modified":"2015-12-10T11:53:41","modified_gmt":"2015-12-10T17:53:41","slug":"pide-secretario-del-ayuntamiento-jesus-avalos-respeto-y-dialogo-ante-manifestaciones","status":"publish","type":"post","link":"https:\/\/radiowebmx.com\/nota\/pide-secretario-del-ayuntamiento-jesus-avalos-respeto-y-dialogo-ante-manifestaciones\/","title":{"rendered":"Pide secretario del Ayuntamiento Jes\u00fas \u00c1valos respeto y di\u00e1logo ante manifestaciones"},"content":{"rendered":"<p><a href=\"https:\/\/radiowebmx.com\/nota\/wp-content\/uploads\/2015\/12\/ed50887f-0cfe-4e16-bfaa-a874b37934f0.jpg\"><img loading=\"lazy\" decoding=\"async\" class=\"alignleft size-full wp-image-20218\" src=\"https:\/\/radiowebmx.com\/nota\/wp-content\/uploads\/2015\/12\/ed50887f-0cfe-4e16-bfaa-a874b37934f0.jpg\" alt=\"ed50887f-0cfe-4e16-bfaa-a874b37934f0\" width=\"591\" height=\"346\" srcset=\"https:\/\/radiowebmx.com\/nota\/wp-content\/uploads\/2015\/12\/ed50887f-0cfe-4e16-bfaa-a874b37934f0.jpg 591w, https:\/\/radiowebmx.com\/nota\/wp-content\/uploads\/2015\/12\/ed50887f-0cfe-4e16-bfaa-a874b37934f0-300x176.jpg 300w\" sizes=\"auto, (max-width: 591px) 100vw, 591px\" \/><\/a>El respeto a la legalidad y el di\u00e1logo, son una condici\u00f3n irrestricta bajo la cual se construir\u00e1n acuerdos entre sociedad y Gobierno, por ello, la Administraci\u00f3n municipal se manifiesta a favor de salvaguardar los derechos de los ciudadanos y proteger los bienes p\u00fablicos que han sido blanco de acciones ilegales por parte de algunos grupos sociales en los \u00faltimos d\u00edas en la capital michoacana, as\u00ed lo se\u00f1al\u00f3 el secretario del Ayuntamiento de Morelia, Jes\u00fas \u00c1valos Plata.<\/p>\n<p>Asimismo, indic\u00f3 que la libertad de expresi\u00f3n no debe afectar la tranquilidad de terceros, por ello, es fundamental que el Estado asuma las facultades que la Ley le confiere para que la justicia prevalezca y sean respetados los derechos humanos de los ciudadanos.<\/p>\n<p>Indic\u00f3 que las tomas en diversos puntos de la capital michoacana, espec\u00edficamente la de Palacio Municipal, afectan directamente a la ciudadan\u00eda, ya que los servicios que se prestan fueron suspendidos al obligar a los trabajadores del Ayuntamiento a abandonar el recinto oficial.<\/p>\n<p>\u00c1valos Plata indic\u00f3 que los morelianos requieren ejercer su derecho al libre tr\u00e1nsito y el Centro Hist\u00f3rico debe conservar su belleza arquitect\u00f3nica, por ello, es impostergable que el Gobierno imponga el Estado de Derecho y evite que algunas personas contin\u00faen bloqueando calles, edificios p\u00fablicos y afecten el patrimonio de Morelia con total impunidad.<\/p>\n<p>El encargado de la pol\u00edtica interna, se\u00f1al\u00f3 que los j\u00f3venes detenidos el martes pasado por su presunta participaci\u00f3n en la comisi\u00f3n de varios delitos, deben ser juzgados conforme a derecho, avalando en todo momento sus garant\u00edas individuales.<\/p>\n","protected":false},"excerpt":{"rendered":"<p>El respeto a la legalidad y el di\u00e1logo, son una condici\u00f3n irrestricta bajo la cual se construir\u00e1n acuerdos entre sociedad y Gobierno, <\/p>\n","protected":false},"author":1,"featured_media":20218,"comment_status":"open","ping_status":"open","sticky":false,"template":"","format":"standard","meta":{"footnotes":""},"categories":[14,9],"tags":[],"class_list":["post-20217","post","type-post","status-publish","format-standard","has-post-thumbnail","hentry","category-destacadas","category-morelia"],"_links":{"self":[{"href":"https:\/\/radiowebmx.com\/nota\/wp-json\/wp\/v2\/posts\/20217","targetHints":{"allow":["GET"]}}],"collection":[{"href":"https:\/\/radiowebmx.com\/nota\/wp-json\/wp\/v2\/posts"}],"about":[{"href":"https:\/\/radiowebmx.com\/nota\/wp-json\/wp\/v2\/types\/post"}],"author":[{"embeddable":true,"href":"https:\/\/radiowebmx.com\/nota\/wp-json\/wp\/v2\/users\/1"}],"replies":[{"embeddable":true,"href":"https:\/\/radiowebmx.com\/nota\/wp-json\/wp\/v2\/comments?post=20217"}],"version-history":[{"count":1,"href":"https:\/\/radiowebmx.com\/nota\/wp-json\/wp\/v2\/posts\/20217\/revisions"}],"predecessor-version":[{"id":20219,"href":"https:\/\/radiowebmx.com\/nota\/wp-json\/wp\/v2\/posts\/20217\/revisions\/20219"}],"wp:featuredmedia":[{"embeddable":true,"href":"https:\/\/radiowebmx.com\/nota\/wp-json\/wp\/v2\/media\/20218"}],"wp:attachment":[{"href":"https:\/\/radiowebmx.com\/nota\/wp-json\/wp\/v2\/media?parent=20217"}],"wp:term":[{"taxonomy":"category","embeddable":true,"href":"https:\/\/radiowebmx.com\/nota\/wp-json\/wp\/v2\/categories?post=20217"},{"taxonomy":"post_tag","embeddable":true,"href":"https:\/\/radiowebmx.com\/nota\/wp-json\/wp\/v2\/tags?post=20217"}],"curies":[{"name":"wp","href":"https:\/\/api.w.org\/{rel}","templated":true}]}}