{"id":20214,"date":"2015-12-10T11:50:28","date_gmt":"2015-12-10T17:50:28","guid":{"rendered":"https:\/\/radiowebmx.com\/nota\/?p=20214"},"modified":"2015-12-10T11:50:28","modified_gmt":"2015-12-10T17:50:28","slug":"continuan-las-hostilidades-del-x-torneo-nacional-de-futbol-de-veteranos-platino","status":"publish","type":"post","link":"https:\/\/radiowebmx.com\/nota\/continuan-las-hostilidades-del-x-torneo-nacional-de-futbol-de-veteranos-platino\/","title":{"rendered":"Contin\u00faan las hostilidades del X Torneo Nacional de Futbol de Veteranos Platino"},"content":{"rendered":"<p><a href=\"https:\/\/radiowebmx.com\/nota\/wp-content\/uploads\/2015\/12\/1f845a81-3ae2-439b-aeae-8a5f0e108a36.jpg\"><img loading=\"lazy\" decoding=\"async\" class=\"alignleft size-full wp-image-20215\" src=\"https:\/\/radiowebmx.com\/nota\/wp-content\/uploads\/2015\/12\/1f845a81-3ae2-439b-aeae-8a5f0e108a36.jpg\" alt=\"1f845a81-3ae2-439b-aeae-8a5f0e108a36\" width=\"591\" height=\"326\" srcset=\"https:\/\/radiowebmx.com\/nota\/wp-content\/uploads\/2015\/12\/1f845a81-3ae2-439b-aeae-8a5f0e108a36.jpg 591w, https:\/\/radiowebmx.com\/nota\/wp-content\/uploads\/2015\/12\/1f845a81-3ae2-439b-aeae-8a5f0e108a36-300x165.jpg 300w, https:\/\/radiowebmx.com\/nota\/wp-content\/uploads\/2015\/12\/1f845a81-3ae2-439b-aeae-8a5f0e108a36-284x158.jpg 284w, https:\/\/radiowebmx.com\/nota\/wp-content\/uploads\/2015\/12\/1f845a81-3ae2-439b-aeae-8a5f0e108a36-128x72.jpg 128w\" sizes=\"auto, (max-width: 591px) 100vw, 591px\" \/><\/a>Consciente de lo que representan las personas de la tercera edad en el \u00e1mbito del deporte, el Alcalde, Alfonso Mart\u00ednez Alc\u00e1zar, coadyuva en el desarrollo del Torneo Nacional de Futbol Veteranos Platino, el cual vivi\u00f3 este d\u00eda su segunda jornada de actividades en la unidad deportiva Cuauht\u00e9moc, en la cual destac\u00f3 el descalabro que sufri\u00f3 el representativo de \u00a0Michoac\u00e1n \u201cB\u201d, por la m\u00ednima diferencia ante Sinaloa \u201cB\u201d, por lo que qued\u00f3 fuera de las semifinales, a\u00fan con una fecha \u00a0por disputar.<\/p>\n<p>El objetivo del certamen futbolero avalado por la Federaci\u00f3n Mexicana de la especialidad, busca estrechar lazos de convivencia entre los participantes, adem\u00e1s de reafirmar a la capital michoacana como punta de lanza en la realizaci\u00f3n de eventos deportivos, v\u00eda el Instituto Municipal de Cultura F\u00edsica y Deporte (Imde), dirigido por Gustavo Ju\u00e1rez Bedolla.<\/p>\n<p>En la segunda jornada de actividades, Michoac\u00e1n \u201cB\u201d enfrent\u00f3 a la escuadra de Sinaloa \u201cB\u201d, juego crucial en sus aspiraciones para colarse a la ronda de semifinales, duelo llevado a cabo sobre la cancha 5 de la unidad deportiva Cuauht\u00e9moc.<\/p>\n<p>Los sinaloenses se mostraron superiores en los primeros minutos del encuentro, en el que sometieron a una desorientada oncena pur\u00e9pecha, al tocar la puerta en numerosas ocasiones, aunque sin conseguir la anotaci\u00f3n.<br \/>\nFue en el minuto 10\u00b4 de tiempo corrido cuando Sinaloa se puso al frente en el marcador, en un bal\u00f3n dividido en la zona del mediocampo, el cual fue ganado por los visitantes y en una descolgada mandaron un centro, el cual remat\u00f3 Alfredo Osuna para perforar las redes y poner el 0-1.<\/p>\n<p>En el resto del partido el conjunto originario de Morelia y representado por la Liga Siglo XX, poco pudo hacer para emparejar los cartones, a pesar de que sus rivales aminoraron su rendimiento en la segunda mitad.<\/p>\n<p>El partido termin\u00f3 0-1, con lo cual el representativo michoacano dej\u00f3 ir toda esperanza de clasificar, al encontrarse en el fondo del pelot\u00f3n B con tan solo un punto. Ma\u00f1ana cerrar\u00e1n su participaci\u00f3n en el torneo al enfrentar a Nayarit, quien marcha como l\u00edder.<\/p>\n<p>\u201cEstamos contentos porque quer\u00edamos y merec\u00edamos este resultado, trabajamos bien todo el partido a pesar de que los michoacanos nos complicaron mucho. El evento ha resultado todo lo bueno que pod\u00edamos esperar, a la organizaci\u00f3n que ha tenido el ayuntamiento de Morelia no le ha faltado nada y la verdad, que nos apoyen en estos torneos, nos motiva en nuestra vida\u201d, mencion\u00f3 Alfredo Osuna, jugador del conjunto sinaloense.<\/p>\n","protected":false},"excerpt":{"rendered":"<p>Consciente de lo que representan las personas de la tercera edad en el \u00e1mbito del deporte, el Alcalde, AMA, coadyuva en el desarrollo del Torneo Nacional de Futbol Veteranos Platino, el cual vivi\u00f3 este d\u00eda su segunda jornada de actividades en la unidad deportiva Cuauht\u00e9moc,<\/p>\n","protected":false},"author":1,"featured_media":20215,"comment_status":"open","ping_status":"open","sticky":false,"template":"","format":"standard","meta":{"footnotes":""},"categories":[14,9],"tags":[],"class_list":["post-20214","post","type-post","status-publish","format-standard","has-post-thumbnail","hentry","category-destacadas","category-morelia"],"_links":{"self":[{"href":"https:\/\/radiowebmx.com\/nota\/wp-json\/wp\/v2\/posts\/20214","targetHints":{"allow":["GET"]}}],"collection":[{"href":"https:\/\/radiowebmx.com\/nota\/wp-json\/wp\/v2\/posts"}],"about":[{"href":"https:\/\/radiowebmx.com\/nota\/wp-json\/wp\/v2\/types\/post"}],"author":[{"embeddable":true,"href":"https:\/\/radiowebmx.com\/nota\/wp-json\/wp\/v2\/users\/1"}],"replies":[{"embeddable":true,"href":"https:\/\/radiowebmx.com\/nota\/wp-json\/wp\/v2\/comments?post=20214"}],"version-history":[{"count":1,"href":"https:\/\/radiowebmx.com\/nota\/wp-json\/wp\/v2\/posts\/20214\/revisions"}],"predecessor-version":[{"id":20216,"href":"https:\/\/radiowebmx.com\/nota\/wp-json\/wp\/v2\/posts\/20214\/revisions\/20216"}],"wp:featuredmedia":[{"embeddable":true,"href":"https:\/\/radiowebmx.com\/nota\/wp-json\/wp\/v2\/media\/20215"}],"wp:attachment":[{"href":"https:\/\/radiowebmx.com\/nota\/wp-json\/wp\/v2\/media?parent=20214"}],"wp:term":[{"taxonomy":"category","embeddable":true,"href":"https:\/\/radiowebmx.com\/nota\/wp-json\/wp\/v2\/categories?post=20214"},{"taxonomy":"post_tag","embeddable":true,"href":"https:\/\/radiowebmx.com\/nota\/wp-json\/wp\/v2\/tags?post=20214"}],"curies":[{"name":"wp","href":"https:\/\/api.w.org\/{rel}","templated":true}]}}