{"id":20205,"date":"2015-12-09T15:11:25","date_gmt":"2015-12-09T21:11:25","guid":{"rendered":"https:\/\/radiowebmx.com\/nota\/?p=20205"},"modified":"2015-12-09T15:16:50","modified_gmt":"2015-12-09T21:16:50","slug":"se-reune-secretario-del-ayuntamiento-con-locatarios-de-la-central-de-abastos-de-morelia","status":"publish","type":"post","link":"https:\/\/radiowebmx.com\/nota\/se-reune-secretario-del-ayuntamiento-con-locatarios-de-la-central-de-abastos-de-morelia\/","title":{"rendered":"Se re\u00fane secretario del Ayuntamiento con locatarios de la Central de Abastos de Morelia"},"content":{"rendered":"<p><a href=\"https:\/\/radiowebmx.com\/nota\/wp-content\/uploads\/2015\/12\/351eca61-5f33-48e4-8f4a-3926995a75ab.jpg\"><img loading=\"lazy\" decoding=\"async\" class=\"alignleft size-full wp-image-20206\" src=\"https:\/\/radiowebmx.com\/nota\/wp-content\/uploads\/2015\/12\/351eca61-5f33-48e4-8f4a-3926995a75ab.jpg\" alt=\"351eca61-5f33-48e4-8f4a-3926995a75ab\" width=\"591\" height=\"350\" srcset=\"https:\/\/radiowebmx.com\/nota\/wp-content\/uploads\/2015\/12\/351eca61-5f33-48e4-8f4a-3926995a75ab.jpg 591w, https:\/\/radiowebmx.com\/nota\/wp-content\/uploads\/2015\/12\/351eca61-5f33-48e4-8f4a-3926995a75ab-300x178.jpg 300w\" sizes=\"auto, (max-width: 591px) 100vw, 591px\" \/><\/a>En atenci\u00f3n a una solicitud ciudadana, el secretario del Ayuntamiento, Jes\u00fas \u00c1valos Plata se reuni\u00f3 con locatarios de la Central de Abastos de Morelia (CAM), &#8220;Unidos para trabajar mejor&#8221;, para escuchar sus inquietudes.<\/p>\n<p>Acompa\u00f1ado por el secretario de Servicios P\u00fablicos Municipales,\u00a0 Jos\u00e9 Luis Gil V\u00e1zquez, el director de Mercados y Comercio en la V\u00eda P\u00fablica,\u00a0 Iv\u00e1n Rodr\u00edguez Medina,\u00a0 el encargado de despacho de la Direcci\u00f3n de Seguridad Ciudadana,\u00a0 Miguel \u00c1ngel Gallegos Garc\u00eda y el subdirector del OOAPAS, Jos\u00e9 Antonio Laris, \u00a0\u00c1valos Plata destac\u00f3 la importancia de esta zona comercial para las actividades econ\u00f3micas de la capital michoacana.<\/p>\n<p>En conjunto con los comerciantes y el Ayuntamiento de Morelia, se plantearon propuestas tendientes al reordenamiento de los trabajos que se realizan al interior de los pasajes comerciales as\u00ed como el equipamiento del lugar, con miras a mejorar la productividad.<\/p>\n<p>El secretario,\u00a0 Jes\u00fas \u00c1valos asegur\u00f3 que la econom\u00eda local merece todo el respaldo ya que esta es una de las metas de la presente Administraci\u00f3n que encabeza el Alcalde, Alfonso Mart\u00ednez Alc\u00e1zar.<\/p>\n<p>Subray\u00f3 que para que exista un buen funcionamiento del CAM, el Gobierno\u00a0colaborar\u00e1 con los comerciantes para definir los proyectos que favorezcan las actividades que ah\u00ed se realicen y, sobre todo, motiven las compras.<\/p>\n","protected":false},"excerpt":{"rendered":"<p>En atenci\u00f3n a una solicitud ciudadana, el secretario del Ayuntamiento, Jes\u00fas \u00c1valos Plata se reuni\u00f3 con locatarios de la CAM, &#8220;Unidos para trabajar mejor&#8221;, para escuchar sus inquietudes.<\/p>\n","protected":false},"author":1,"featured_media":20206,"comment_status":"open","ping_status":"open","sticky":false,"template":"","format":"standard","meta":{"footnotes":""},"categories":[14,11],"tags":[],"class_list":["post-20205","post","type-post","status-publish","format-standard","has-post-thumbnail","hentry","category-destacadas","category-partidos-politicos"],"_links":{"self":[{"href":"https:\/\/radiowebmx.com\/nota\/wp-json\/wp\/v2\/posts\/20205","targetHints":{"allow":["GET"]}}],"collection":[{"href":"https:\/\/radiowebmx.com\/nota\/wp-json\/wp\/v2\/posts"}],"about":[{"href":"https:\/\/radiowebmx.com\/nota\/wp-json\/wp\/v2\/types\/post"}],"author":[{"embeddable":true,"href":"https:\/\/radiowebmx.com\/nota\/wp-json\/wp\/v2\/users\/1"}],"replies":[{"embeddable":true,"href":"https:\/\/radiowebmx.com\/nota\/wp-json\/wp\/v2\/comments?post=20205"}],"version-history":[{"count":1,"href":"https:\/\/radiowebmx.com\/nota\/wp-json\/wp\/v2\/posts\/20205\/revisions"}],"predecessor-version":[{"id":20208,"href":"https:\/\/radiowebmx.com\/nota\/wp-json\/wp\/v2\/posts\/20205\/revisions\/20208"}],"wp:featuredmedia":[{"embeddable":true,"href":"https:\/\/radiowebmx.com\/nota\/wp-json\/wp\/v2\/media\/20206"}],"wp:attachment":[{"href":"https:\/\/radiowebmx.com\/nota\/wp-json\/wp\/v2\/media?parent=20205"}],"wp:term":[{"taxonomy":"category","embeddable":true,"href":"https:\/\/radiowebmx.com\/nota\/wp-json\/wp\/v2\/categories?post=20205"},{"taxonomy":"post_tag","embeddable":true,"href":"https:\/\/radiowebmx.com\/nota\/wp-json\/wp\/v2\/tags?post=20205"}],"curies":[{"name":"wp","href":"https:\/\/api.w.org\/{rel}","templated":true}]}}