{"id":20203,"date":"2015-12-09T15:09:30","date_gmt":"2015-12-09T21:09:30","guid":{"rendered":"https:\/\/radiowebmx.com\/nota\/?p=20203"},"modified":"2015-12-09T15:09:30","modified_gmt":"2015-12-09T21:09:30","slug":"temas-de-cafe-410","status":"publish","type":"post","link":"https:\/\/radiowebmx.com\/nota\/temas-de-cafe-410\/","title":{"rendered":"TEMAS DE CAF\u00c9"},"content":{"rendered":"<ul>\n<li><a href=\"https:\/\/radiowebmx.com\/nota\/wp-content\/uploads\/2013\/06\/temas-de-cafe.jpg\"><img loading=\"lazy\" decoding=\"async\" class=\"alignleft size-full wp-image-2805\" src=\"https:\/\/radiowebmx.com\/nota\/wp-content\/uploads\/2013\/06\/temas-de-cafe.jpg\" alt=\"temas de cafe\" width=\"295\" height=\"171\" \/><\/a>\u00bfNO ENTIENDEN EL ESPA\u00d1OL?<\/li>\n<li>\u00bfREPRESION? ES CONTENCION<\/li>\n<li>FUNCIONARIOS SIN EMOSION<\/li>\n<li>\u00bfY LAS MUJERES DE IZQUIERDA?<\/li>\n<\/ul>\n<p>Tal pareciera que tanto los normalistas y los docentes de la CNTE, no entienden el espa\u00f1ol, porque gran parte de su lucha es por diversos aspectos, de la Reforma Educativa, es asunto federal que debe coadyuvar el gobierno estatal, se les ha dicho en reiteradas ocasiones, que ya no hay plazas autom\u00e1ticas como antes, ahora las plazas se conceden mediante examen evaluatorio, o sea se las deben ganar con conocimientos, pero\u00a0 los normalistas insisten con el apoyo de los docentes de la CNTE, porque muchos llegaron as\u00ed con plazas de regalo y ahora, con el apoyo de algunos grupos ind\u00edgenas, pero otra vez \u00bfacaso no entienden el espa\u00f1ol?, esos tiempos se acabaron, ahora se vive el cambio\u00a0 les guste o no, en\u00a0 caso de que no les agrade pueden renunciar, y dedicarse a lo que les guste, as\u00ed de sencillo.<\/p>\n<p>LOS NORMALISTAS Y DOCENTES SON CIUDADANOS<\/p>\n<p>No se debe perder de vista que tanto los normalistas, como los docentes de la CNTE y los ind\u00edgenas, son ciudadanos como usted y nosotros, ni m\u00e1s ni menos por lo cual estamos sujetos al Estado de Derecho, y al resto a los derechos humanos que todos tenemos, pero TODOS, no solamente ellos por lo cual como a cualquier ciudadano, se le debe castigar si viola las leyes, que est\u00e1n para generar una sana convivencia, entre los integrantes de la sociedad, \u00bfde veras es muy dif\u00edcil entender esto?.<\/p>\n<p>EL DERECHO DE PETICION ES EN FORMA PACIFICA<\/p>\n<p>Como ciudadanos que son\u00a0 tienen derecho de petici\u00f3n, como todos pero deben seguir los causes legales, que hay\u00a0 para ello porque en la calle no van a encontrar, soluci\u00f3n a sus problemas tal vez se quedaron acostumbrados, porque antes as\u00ed fue para lograr derechos fuera de lo normal, realizaron marchas presionaron y obligaron a los gobiernos, a ceder \u00a0m\u00e1s de lo que merec\u00edan y as\u00ed fueron acumulando canonj\u00edas, que hoy son insostenibles son derechos adquiridos, en forma ilegal \u00a0por medio de la presi\u00f3n violenta y el chantaje, por lo cual esos derechos adquiridos est\u00e1n viciados de origen, es sencillo ahora las plazas se las deben ganar con conocimientos.<\/p>\n<p>Ya no hablamos de vocaci\u00f3n, de un apostolado como antes, esos tiempos se fueron, se perdieron cuando llegaron las plazas autom\u00e1ticas, en las cuales no importaba la vocaci\u00f3n, ni el apostolado, \u00a0vamos nada porque bastaba inscribirse y esperar el paso de los a\u00f1os, terminar y gozar de una plaza de por vida. Suerte te d\u00e9 Dios que el saber nada te importe, esto se\u00f1ores cr\u00e9anlo se acab\u00f3, ahora deben estudiar y tener los m\u00e9ritos necesarios, para lograr una plaza. Esto no es decisi\u00f3n del gobierno estatal.<\/p>\n<p>EL GOBIERNO NO PAGARA LAS FIANZAS<\/p>\n<p>El gobernador Silvano Aureoles ha sido concreto, no hay ya plazas autom\u00e1ticas, el gobierno ahora no pagar\u00e1 las fianzas como se hizo en el pasado, bajo la promesa de que los normalistas se portar\u00edan bien, de que ya no har\u00edan m\u00e1s travesuras y siempre mintieron, traicionaron la confianza que les depositaba el gobierno, por eso la ciudadan\u00eda comentaba sobre la ingenuidad de esos gobiernos, porque los normalistas m\u00e1s tardaban en salir que en seguir\u00a0 con sus actitudes.<\/p>\n<p>VEHICULOS ROBADOS Y BOMBAS CASERAS<\/p>\n<p>Debemos entender que muchos personajes, bajo la protecci\u00f3n de la CNTE y los normalistas se dedican a realizar actos de robo, secuestro y ahora les encontraron, veh\u00edculos robados y bombas caseras, propias de los grupos guerrilleros, antes eran las bombas Molotov ahora son bombas caseras, con p\u00f3lvora y clavos, \u00a0un detonador y son muy peligrosas, con esto hablamos de otro tema, que tiene que \u00a0ver con el terrorismo, por eso muchos ir\u00e1n ante la PGR.<\/p>\n<p>Seg\u00fan un reporte de Seguridad Nacional, en las zonas ind\u00edgenas de Michoac\u00e1n, hay muchos latinoamericanos que introducen diversas doctrinas, a los ind\u00edgenas y normalistas, por lo cual no solamente son un peligro para Michoac\u00e1n, sino potencialmente pueden ser para el pa\u00eds en general, desde luego esto debe ser investigado muy bien, por la Secretar\u00eda de Gobernaci\u00f3n y Seguridad Nacional, porque esto va m\u00e1s all\u00e1 de protestas de normalistas y de la CNTE.<\/p>\n<p>FUNCIONARIOS SIN EMOSION, EN LOS DIAS DE GOBIERNO<\/p>\n<p>En estos 69 d\u00edas de la administraci\u00f3n de Silvano Aureoles, han sucedido varias cosas unas previsibles, como el movimiento de los normalistas y la CNTE, pero tambi\u00e9n algo que no se esperaba tan pronto, la falta de emoci\u00f3n de varios de los nuevos funcionarios, pueden no saber de su encomienda, pero que les falte emoci\u00f3n eso debe ser intolerable, por ejemplo se ha notado a la Secretar\u00eda de Turismo Liliana L\u00f3pez, una falta de emoci\u00f3n en su trabajo.<\/p>\n<p>En Tac\u00e1mbaro en la reuni\u00f3n de los pueblos m\u00e1gicos, no fue y su enviado David Hern\u00e1ndez Damota fue pero unos instantes, despu\u00e9s se dedic\u00f3 a turistear con su familia, por cierto este se\u00f1or se siente intocable, porque es concu\u00f1o de Marko Cort\u00e9s, pero es un p\u00e9simo funcionario que de turismo no sabe nada, aunque parece que esta es la regla en esta dependencia, y m\u00e1s se not\u00f3 esta falta de emoci\u00f3n el d\u00eda de los discapacitados, \u00a0hubo ausencia de varios funcionarios, lo que molest\u00f3 a Silvano, esperamos que\u00a0 haya tomado nota.<\/p>\n<p>FAUSTO Y REINA, SUS\u00a0 MEJORES JUEGOS EN LA BANCA<\/p>\n<p>La dirigencia nacional del PRI en manos de Manlio Fabio Beltrones, ya est\u00e1 informado de los graves errores del grupo de Chon, que se hizo cargo de la dirigencia estatal del PRI, y obviamente de los dos procesos electorales extraordinarios, uno en Sahuayo y el otro en Ciudad Hidalgo, en los cuales si recordar\u00e1 auguramos derrotas, y es que el grupo de Chon Orihuela otra vez, demostr\u00f3 que no tiene capacidad, para realizar elecciones porque dejan fuera, a gente de Fausto,\u00a0 Silva y Reina. Cuando un grupo se come todo el pastel, le hace da\u00f1o.<\/p>\n<p>As\u00ed de esta manera debe realizarse en forma inmediata, el relevo de la actual dirigencia estatal, en manos de Agust\u00edn Trujillo quien vaya que ha demostrado, su incapacidad desde la derrota de Chon Orihuela, hasta las dos derrotas en Sahuayo y Ciudad Hidalgo, donde en el argot futbolero, les pusieron una goliza, y como les hemos comentado quienes deben llegar son priistas de coraz\u00f3n, con emoci\u00f3n y pasi\u00f3n porque a final de cuentas, la pol\u00edtica tambi\u00e9n es pasi\u00f3n.<\/p>\n<p>EN EL 16, EL FANTASMA DEL PRD-PAN-ALIANZA<\/p>\n<p>Para el a\u00f1o entrante que ya est\u00e1 a la vuelta de la esquina, empieza a tomar forma el fantasma que estar\u00e1 presente en las elecciones, una alianza entre el PRD, el PAN y Alianza, que como experimento se hizo en Michoac\u00e1n, ha sido claro\u00a0 y contundente ya demostraron estos tres partidos, que en alianza pueden derrotar con cierta facilidad al PAN, mientras que el PRI solamente se podr\u00e1 quedar con el cascar\u00f3n, en que se convertir\u00e1 el Verde Ecologista, despu\u00e9s del golpe desde la presidencia a Escobar.<\/p>\n<p>\u00bfDONDE ESTAN LAS MUJERES POR LA IZQUIERDA?<\/p>\n<p>La mayor\u00eda de las integrantes del grupo Mujeres por la Izquierda, son apreciables amigas y siempre nos hab\u00eda merecido respeto, por preparadas y aguerridas, y ahora nos sorprende su pasividad, porque si usted analiza hoy el gabinete de Silvano, podr\u00e1 encontrar pocas mujeres de este grupo, cuando antes las mujeres perredistas cerraban filas, y evitaban que llegaran mujeres ajenas al grupo.<\/p>\n<p>UN CASO: MARY GOROSTIETA DE TIQUICHEO<\/p>\n<p>Fue conocido por la mayor\u00eda de los michoacanos, que la entonces alcaldesa de Tiquicheo recib\u00eda muchas consideraciones, del gobernador Leonel Godoy a tal grado que un d\u00eda apareci\u00f3, en la lista de las diputaciones plurinominales, y las mujeres de la administraci\u00f3n de Leonel, no la dejaron pasar y vaya que Leonel era y es duro de vencer, as\u00ed hoy nos extra\u00f1a que est\u00e9n tan tranquilas, se consolaron con puestos de menor cuant\u00eda, o ya \u00bfse les acab\u00f3 la fuerza?<\/p>\n<p>LA FINAL DEL FUTBOL ENTRE FELINOS<\/p>\n<p>Tambi\u00e9n se podr\u00eda afirmar que es el centro contra el norte,\u00a0 y muchas cosas m\u00e1s lo cierto es que ser\u00e1 una final entretenida, porque llegaron dos equipos que saben jugar al futbol por lo general, es entre el maestro y el disc\u00edpulo y como siempre, el disc\u00edpulo quiere superar al maestro, Guillermo V\u00e1zquez buscar\u00e1 ganarle a su maestro, el Tuca Ferreti. Se juega ma\u00f1ana jueves en Monterrey, \u00a0y el domingo en Ciudad Universitaria de definir\u00e1 al campe\u00f3n, suerte a los dos.<\/p>\n","protected":false},"excerpt":{"rendered":"<p>\u2022\t\u00bfNO ENTIENDEN EL ESPA\u00d1OL?<br \/>\n\u2022\t\u00bfREPRESION? ES CONTENCION<br \/>\n\u2022\tFUNCIONARIOS SIN EMOSION<br \/>\n\u2022\t\u00bfY LAS MUJERES DE IZQUIERDA?<\/p>\n","protected":false},"author":1,"featured_media":0,"comment_status":"open","ping_status":"open","sticky":false,"template":"","format":"standard","meta":{"footnotes":""},"categories":[4,14,10],"tags":[],"class_list":["post-20203","post","type-post","status-publish","format-standard","hentry","category-columnistas","category-destacadas","category-juan-manuel-belmonte"],"_links":{"self":[{"href":"https:\/\/radiowebmx.com\/nota\/wp-json\/wp\/v2\/posts\/20203","targetHints":{"allow":["GET"]}}],"collection":[{"href":"https:\/\/radiowebmx.com\/nota\/wp-json\/wp\/v2\/posts"}],"about":[{"href":"https:\/\/radiowebmx.com\/nota\/wp-json\/wp\/v2\/types\/post"}],"author":[{"embeddable":true,"href":"https:\/\/radiowebmx.com\/nota\/wp-json\/wp\/v2\/users\/1"}],"replies":[{"embeddable":true,"href":"https:\/\/radiowebmx.com\/nota\/wp-json\/wp\/v2\/comments?post=20203"}],"version-history":[{"count":1,"href":"https:\/\/radiowebmx.com\/nota\/wp-json\/wp\/v2\/posts\/20203\/revisions"}],"predecessor-version":[{"id":20204,"href":"https:\/\/radiowebmx.com\/nota\/wp-json\/wp\/v2\/posts\/20203\/revisions\/20204"}],"wp:attachment":[{"href":"https:\/\/radiowebmx.com\/nota\/wp-json\/wp\/v2\/media?parent=20203"}],"wp:term":[{"taxonomy":"category","embeddable":true,"href":"https:\/\/radiowebmx.com\/nota\/wp-json\/wp\/v2\/categories?post=20203"},{"taxonomy":"post_tag","embeddable":true,"href":"https:\/\/radiowebmx.com\/nota\/wp-json\/wp\/v2\/tags?post=20203"}],"curies":[{"name":"wp","href":"https:\/\/api.w.org\/{rel}","templated":true}]}}