{"id":20180,"date":"2015-12-08T13:20:05","date_gmt":"2015-12-08T19:20:05","guid":{"rendered":"https:\/\/radiowebmx.com\/nota\/?p=20180"},"modified":"2015-12-08T13:20:05","modified_gmt":"2015-12-08T19:20:05","slug":"este-miercoles-comienza-la-instalacion-de-mas-de-300-comerciantes-tolerados-en-san-diego","status":"publish","type":"post","link":"https:\/\/radiowebmx.com\/nota\/este-miercoles-comienza-la-instalacion-de-mas-de-300-comerciantes-tolerados-en-san-diego\/","title":{"rendered":"Este mi\u00e9rcoles comienza la instalaci\u00f3n de m\u00e1s de 300 comerciantes tolerados en San Diego"},"content":{"rendered":"<p><a href=\"https:\/\/radiowebmx.com\/nota\/wp-content\/uploads\/2015\/12\/a8810857-668f-43e7-9e71-88e794cac397.jpg\"><img loading=\"lazy\" decoding=\"async\" class=\"alignleft size-full wp-image-20181\" src=\"https:\/\/radiowebmx.com\/nota\/wp-content\/uploads\/2015\/12\/a8810857-668f-43e7-9e71-88e794cac397.jpg\" alt=\"a8810857-668f-43e7-9e71-88e794cac397\" width=\"591\" height=\"328\" srcset=\"https:\/\/radiowebmx.com\/nota\/wp-content\/uploads\/2015\/12\/a8810857-668f-43e7-9e71-88e794cac397.jpg 591w, https:\/\/radiowebmx.com\/nota\/wp-content\/uploads\/2015\/12\/a8810857-668f-43e7-9e71-88e794cac397-300x166.jpg 300w, https:\/\/radiowebmx.com\/nota\/wp-content\/uploads\/2015\/12\/a8810857-668f-43e7-9e71-88e794cac397-284x158.jpg 284w, https:\/\/radiowebmx.com\/nota\/wp-content\/uploads\/2015\/12\/a8810857-668f-43e7-9e71-88e794cac397-128x72.jpg 128w\" sizes=\"auto, (max-width: 591px) 100vw, 591px\" \/><\/a>Como parte de la festividad patronal que se vive en el templo de San Diego y tras la llegada de cientos de peregrinos, a partir del mi\u00e9rcoles comenzar\u00e1 la instalaci\u00f3n de 300 comerciantes tolerados, que se unir\u00e1n a los 310 que se instalaron desde el pasado 20 de noviembre, siendo un total de 610, se\u00f1al\u00f3 el secretario de Servicios P\u00fablicos Jos\u00e9 Luis Gil V\u00e1zquez.<\/p>\n<p>Cabe destacar que los puestos tolerados, en su totalidad, permanecer\u00e1n 10, 11 y 12 de diciembre en la zona, por lo que durante esos d\u00edas se reforzaran los operativos que a trav\u00e9s de las Secretar\u00eda del Ayuntamiento se estar\u00e1n implementando para garantizar que la fiesta en honor a la Virgen de Guadalupe se lleve con completa tranquilidad y en un ambiente 100 por ciento familiar.<\/p>\n<p>De igual forma a partir de las fechas antes mencionadas el operativo de seguridad y vialidad comenzar\u00e1 con los cortes de circulaci\u00f3n, por lo que las calles de Tata Vasco y Hospitales estar\u00e1n cerradas para permitir un mejor flujo de personas.<\/p>\n<p>En este tenor, la Direcci\u00f3n de Seguridad Ciudadana tiene contempladas las siguientes v\u00edas alternas: Bucareli, Carpinteros de Paracho para cruzar hac\u00eda Francisco M\u00e1rquez y de esa forma evitar que se congestionen las vialidades.<\/p>\n<p>Por otro lado, \u00a0Jos\u00e9 Luis Gil coment\u00f3 que por instrucciones del Presidente Municipal Alfonso Mart\u00ednez Alc\u00e1zar se ofrecer\u00e1 a los morelianos, as\u00ed como la ciudadan\u00eda que viene de otros puntos del estado, una celebraci\u00f3n diferente que poco a poco se vaya convirtiendo en un referente a nivel estatal, nacional e internacional.<\/p>\n","protected":false},"excerpt":{"rendered":"<p>Como parte de la festividad patronal que se vive en el templo de San Diego y tras la llegada de cientos de peregrinos, a partir del mi\u00e9rcoles comenzar\u00e1 la instalaci\u00f3n de 300 comerciantes tolerados, <\/p>\n","protected":false},"author":1,"featured_media":20181,"comment_status":"open","ping_status":"open","sticky":false,"template":"","format":"standard","meta":{"footnotes":""},"categories":[14,9],"tags":[],"class_list":["post-20180","post","type-post","status-publish","format-standard","has-post-thumbnail","hentry","category-destacadas","category-morelia"],"_links":{"self":[{"href":"https:\/\/radiowebmx.com\/nota\/wp-json\/wp\/v2\/posts\/20180","targetHints":{"allow":["GET"]}}],"collection":[{"href":"https:\/\/radiowebmx.com\/nota\/wp-json\/wp\/v2\/posts"}],"about":[{"href":"https:\/\/radiowebmx.com\/nota\/wp-json\/wp\/v2\/types\/post"}],"author":[{"embeddable":true,"href":"https:\/\/radiowebmx.com\/nota\/wp-json\/wp\/v2\/users\/1"}],"replies":[{"embeddable":true,"href":"https:\/\/radiowebmx.com\/nota\/wp-json\/wp\/v2\/comments?post=20180"}],"version-history":[{"count":1,"href":"https:\/\/radiowebmx.com\/nota\/wp-json\/wp\/v2\/posts\/20180\/revisions"}],"predecessor-version":[{"id":20182,"href":"https:\/\/radiowebmx.com\/nota\/wp-json\/wp\/v2\/posts\/20180\/revisions\/20182"}],"wp:featuredmedia":[{"embeddable":true,"href":"https:\/\/radiowebmx.com\/nota\/wp-json\/wp\/v2\/media\/20181"}],"wp:attachment":[{"href":"https:\/\/radiowebmx.com\/nota\/wp-json\/wp\/v2\/media?parent=20180"}],"wp:term":[{"taxonomy":"category","embeddable":true,"href":"https:\/\/radiowebmx.com\/nota\/wp-json\/wp\/v2\/categories?post=20180"},{"taxonomy":"post_tag","embeddable":true,"href":"https:\/\/radiowebmx.com\/nota\/wp-json\/wp\/v2\/tags?post=20180"}],"curies":[{"name":"wp","href":"https:\/\/api.w.org\/{rel}","templated":true}]}}