{"id":20176,"date":"2015-12-08T13:14:54","date_gmt":"2015-12-08T19:14:54","guid":{"rendered":"https:\/\/radiowebmx.com\/nota\/?p=20176"},"modified":"2015-12-08T13:14:54","modified_gmt":"2015-12-08T19:14:54","slug":"temas-de-cafe-409","status":"publish","type":"post","link":"https:\/\/radiowebmx.com\/nota\/temas-de-cafe-409\/","title":{"rendered":"TEMAS DE CAF\u00c9"},"content":{"rendered":"<p><a href=\"https:\/\/radiowebmx.com\/nota\/wp-content\/uploads\/2013\/06\/temas-de-cafe.jpg\"><img loading=\"lazy\" decoding=\"async\" class=\"alignleft size-full wp-image-2805\" src=\"https:\/\/radiowebmx.com\/nota\/wp-content\/uploads\/2013\/06\/temas-de-cafe.jpg\" alt=\"temas de cafe\" width=\"295\" height=\"171\" \/><\/a>+ MANLIO Y AGUSTIN PERDIERON<\/p>\n<p>+ TORRES PI\u00d1A Y ANTONIO GANAN<\/p>\n<p>+ LOS NORMALISTAS EXAGERARON<\/p>\n<p>+ EL AEROPUERTO JORGE CHAVEZ<\/p>\n<p>SAN SALVADOR, CAPITAL DEL SALVADOR, a 07 de diciembre-. Llama mucho la atenci\u00f3n la derrota\u00a0 del PRI en las primeras elecciones, que supuestamente deber\u00eda haber ganado Manlio Fabio Beltrones, porque se supone que para eso lo pusieron en la dirigencia nacional del PRI, para que empezara a ganar elecciones, y en las del a\u00f1o entrante que finalmente ser\u00e1n trece para gobernador, lo haga por lo menos en nueve, pero como est\u00e1n las cosas, los augurios son lastimosos, muy malos porque vea usted en Tixtla Guerrero, perdi\u00f3 el PRI ante la alianza entre el PRD, PAN y Alianza, en Sahuayo gan\u00f3 el PAN en alianza con el PRD y Alianza mientras que en la diputaci\u00f3n de Ciudad Hidalgo, gan\u00f3 el PRD en alianza con el PAN y el PANAL, lo mismo sucedi\u00f3 en Aguascalientes donde gan\u00f3 el PAN, o sea que los primeros procesos que manej\u00f3 el PRI, con Manlio Fabio Beltrones a la cabeza han sido unos desastres may\u00fasculos.<\/p>\n<p>\u00bfQUE HACER CON MANLIO AGUSTIN TRUJILLO?<\/p>\n<p>Esto nos lleva a la pregunta l\u00f3gica: \u00bfQu\u00e9 se tiene que hacer con Manlio Fabio y con Agust\u00edn Trujillo, en el caso del dirigente nacional, se le deben hacer serias observaciones porque en el caso, de Michoac\u00e1n dio la impresi\u00f3n que no le quer\u00eda manchar la administraci\u00f3n, \u00a0a su amigo Silvano Aureoles sino que le permiti\u00f3 lucirse, en sus primeros procesos electorales en la entidad, y vaya que Silvano lo hizo desde luego a trav\u00e9s de su partido pol\u00edtico el PRD, encabezado por Carlos Torres Pi\u00f1a.<\/p>\n<p>Antonio Garc\u00eda Conejo hermano del gobernador, fue el responsable del proceso en Ciudad Hidalgo, donde gan\u00f3 Jeovana y vaya que se lo comentamos en tiempo y forma, que el PRI ganar\u00eda las dos elecciones, primero porque los candidatos realmente eran malos tanto, en Ciudad Hidalgo como en Sahuayo, vea usted en Ciudad Hidalgo a qui\u00e9n se le ocurre repetir con el candidato Chava Pe\u00f1a, quien en la regi\u00f3n todo mundo lo conoce, y no por sus buenas maneras pol\u00edticas.<\/p>\n<p>Mientras que en Sahuayo la sombra negra de los Anaya, tanto el padre Alfredo como el hijo por cierto diputado federal, a quien llaman Fredy perdieron necesariamente, porque primero al padre no lo quiere casi nadie en todo Sahuayo, nada m\u00e1s le hemos comentado que su hijo gan\u00f3, en los municipios al derredor, en Sahuayo perdi\u00f3 por tres votos a uno, terrible adem\u00e1s por la fuerza del dinero que tienen, impuso a varios integrantes de las regidur\u00edas, con el resultado que usted conoce.<\/p>\n<p>JAIME DARIO Y BERT\u00cdN, LAS PATOLOGIAS SE JUNTAN<\/p>\n<p>Otro aspecto que hay que analizara en la derrota de Sahuayo, es la presencia del delegado y coordinador de la campa\u00f1a, Bert\u00edn Cornejo quien pertenece al clan pol\u00edtico de Jaime Dar\u00edo Oseguera, quien como usted sabe despu\u00e9s de una larga carrera pol\u00edtica, apoyada por sus padrinos y negada por \u00e9l mismo, lleg\u00f3 a la Secretar\u00eda de Gobierno, y como el principio de Peter no falla, hasta ahora ha sido el peor secretario de gobierno, que ha tenido Michoac\u00e1n y ahora detenta una notar\u00eda p\u00fablica, que no merece pero la vida siempre los pone en su lugar.<\/p>\n<p>EL COMIT\u00c9 PRIISTA ESTATAL DEBE IRSE PERO YA<\/p>\n<p>Para la mayor\u00eda de los priistas michoacanos,\u00a0 es urgente que Agust\u00edn Trujillo se vaya de la dirigencia estatal del PRI, no deber\u00eda quedarse una semana m\u00e1s, si quiere tener la restructuraci\u00f3n necesaria, para poder enfrentar los procesos electorales, que vienen en el futuro a menos que quieran seguir dando oportunidades al PRD y al PAN, de empoderarse porque aunque no nos ha ido bien en Michoac\u00e1n, es necesario seguir alentando la alternancia pol\u00edtica.<\/p>\n<p>\u00bfQUIENES DEBEN LLEGAR A LA DIRIGENCIA?<\/p>\n<p>Se supone que deben llegar quienes de veras quieran, al PRI michoacano quienes no han dado dando virajes, ahora hacia la derecha, ahora hacia la izquierda,\u00a0 deben llegar los priistas puros lo sabemos son pocos, pero los hay tenemos a Guillermo Valencia que muy a su manera, propone un viraje en el PRI, Armando Medina quien tiene amplios apoyos en buena parte de los municipios michoacanos, o tenemos el caso de Felipe de Jes\u00fas Dom\u00ednguez, quien como usted sabe no se encuentra peleado con nadie, o al menos est\u00e1 bien con la mayor\u00eda.<\/p>\n<p>TRES JOVENES LOGRAN CONCRETAR SUS SUE\u00d1OS<\/p>\n<p>Siempre estaremos apoyando a los j\u00f3venes, porque les corresponde corregir entuertos de los mayores, primero como siempre las damas, Vanesa S\u00e1nchez Guzm\u00e1n quien ayer aprob\u00f3 el examen, de su maestr\u00eda en administraci\u00f3n de negocios en el Tecnol\u00f3gico Milenio, antes ya ten\u00eda licenciatura en \u00a0criminolog\u00eda y criminalista, \u00a0en el ISEU en Zacatecas, un curso de capacitaci\u00f3n de la Polic\u00eda Nacional de Colombia, adem\u00e1s tiene un diplomado en administraci\u00f3n en el Tec de Monterrey, como dato anecd\u00f3tico convocada por la Comisi\u00f3n para\u00a0 la Seguridad y el Desarrollo Econ\u00f3mico de Michoac\u00e1n, pesidida por Alfredo Castillo aprob\u00f3 el examen\u00a0\u00a0 para cubrir un puesto, en el departamento de inteligencia, pero como no proven\u00eda del Estado de M\u00e9xico, fue relegada cuando se hab\u00eda ganado el puesto.<\/p>\n<p>Otro joven que concret\u00f3 su sue\u00f1o de convertirse, en licenciado en mercadotecnia internacional en la Universidad del Valle de M\u00e9xico, \u00a0en la ciudad de Guadalajara fue el\u00a0 joven Juan Alberto Villegas,\u00a0 as\u00ed como la joven tapat\u00eda Annete L\u00f3pez Covarrubias, a quienes obviamente felicitamos y les comentamos, tanto a Vanesa como a Anette y Juan que no es el fin, sino el inicio de nuevas experiencias, porque el conocimiento\u00a0 es insondable. Estos son los j\u00f3venes que les tocar\u00e1 reconstruir a este M\u00e9xico\u00a0 lindo y querido.<\/p>\n<p>LOS\u00a0 NORMALISTAS DESPERTARON AL NI\u00d1O<\/p>\n<p>En algunas ocasiones hemos comentado que los normalistas, no deber\u00edan hacer mucho ruido, porque\u00a0 podr\u00edan terminar despertando al ni\u00f1o, y parece que por fin lo hicieron, ya que ayer mismo elementos de seguridad, detuvieron a m\u00e1s de 50 normalistas quienes se transportaban, en\u00a0 veh\u00edculos con denuncia de robo y bajaban, a los pasajeros de tres autobuses, con los cuales sumar\u00edan m\u00e1s de 50 en su poder, muchos de los cuales amenazaron con incendiar lo que ya han hecho en otras ocasiones, por lo que se sabe no mienten.<\/p>\n<p>LA LEY NO SE NEGOCIARA CON LOS NORMALISTAS<\/p>\n<p>El gobernador del estado presionado por la voz de los ciudadanos, ha ordenado que se act\u00fae contra los normalistas, de acuerdo a la ley ni m\u00e1s ni menos, y afirm\u00f3 que su gobierno no negociar\u00e1 la ley con ellos, mientras tanto el dirigente de los transportistas,\u00a0 Arcadio M\u00e9ndez dio a conocer por medio de las redes sociales, que nuevamente la l\u00ednea\u00a0 que representa, Parihkuni suspendi\u00f3 las corridas por la inseguridad que prevalec\u00eda, con lo cual provoc\u00f3 serios problemas a miles de personas, que tienen necesidad de trasladarse a diversas poblaciones de la Tierra Caliente.<\/p>\n<p>ESTRATEGIASP PARA MEJORAR LAS FINANZAS ESTATALES<\/p>\n<p>No estar\u00eda mal que el gobierno del estado, principalmente Antonio Soto y Carlos R\u00edo tomen en cuenta los consejos de Domingo Bautista,\u00a0 catedr\u00e1tico de la Facultad de Contabilidad y Administraci\u00f3n, quien aconseja gratis que para mejorar las finanzas estatales, primero se deben otorgar facilidades para crear inversiones y generar empleos, dos incentivar la formalizaci\u00f3n de los negocios informales y tres,\u00a0 evaluar el cumplimiento de los contribuyentes actuales. Son recetas que han tenido \u00e9xito en otras entidades, que hoy se encuentran con elevado grado de desarrollo econ\u00f3mico, pero primero se deben ofrecer garant\u00edas de seguridad.<\/p>\n<p>EL AEROPUERTO JORGE CHAVEZ DEL PERU<\/p>\n<p>Nos extra\u00f1\u00f3 el nombre del aeropuerto de Lima, y obviamente preguntamos y resulta que se le puso ese nombre en honor del primer salvadore\u00f1o que cruz\u00f3 los Andes y se convirti\u00f3 en h\u00e9roe nacional, por sus constantes viajes cuando la aviaci\u00f3n estaba en pa\u00f1ales, Jorge Muri\u00f3 en Francia por lo cual el gobierno y el pueblo, le ofreci\u00f3 una magna recepci\u00f3n a su cuerpo, el jueves 19 de septiembre de 1957, las cr\u00f3nicas dan a conocer que por las calles por donde pas\u00f3 el f\u00e9retro de su h\u00e9roe, estuvieron miles de personas.<\/p>\n<p>Su cuerpo fue traslado desde Par\u00eds por la Fuerza A\u00e9rea Francesa,\u00a0 la cual lo entreg\u00f3 a las Fuerzas A\u00e9reas Peruanas, sus restos est\u00e1n, en la Catedral Peruana en la Capilla Pizarro, tal vez solamente tal vez por eso se cobra la entrada a la Catedral por\u00a0 25 soles, a peruanos y turistas lo cual como le comentamos causa molestias, tanto a los miles de visitantes, como a los propios habitantes del Lima ya que si no llegan, antes de las nueve a las misas, despu\u00e9s tienen que pagar en todas las Iglesias de la capital.<\/p>\n","protected":false},"excerpt":{"rendered":"<p>+ MANLIO Y AGUSTIN PERDIERON<br \/>\n+ TORRES PI\u00d1A Y ANTONIO GANAN<br \/>\n+ LOS NORMALISTAS EXAGERARON<br \/>\n+ EL AEROPUERTO JORGE CHAVEZ<\/p>\n","protected":false},"author":1,"featured_media":0,"comment_status":"open","ping_status":"open","sticky":false,"template":"","format":"standard","meta":{"footnotes":""},"categories":[4,14,10],"tags":[],"class_list":["post-20176","post","type-post","status-publish","format-standard","hentry","category-columnistas","category-destacadas","category-juan-manuel-belmonte"],"_links":{"self":[{"href":"https:\/\/radiowebmx.com\/nota\/wp-json\/wp\/v2\/posts\/20176","targetHints":{"allow":["GET"]}}],"collection":[{"href":"https:\/\/radiowebmx.com\/nota\/wp-json\/wp\/v2\/posts"}],"about":[{"href":"https:\/\/radiowebmx.com\/nota\/wp-json\/wp\/v2\/types\/post"}],"author":[{"embeddable":true,"href":"https:\/\/radiowebmx.com\/nota\/wp-json\/wp\/v2\/users\/1"}],"replies":[{"embeddable":true,"href":"https:\/\/radiowebmx.com\/nota\/wp-json\/wp\/v2\/comments?post=20176"}],"version-history":[{"count":1,"href":"https:\/\/radiowebmx.com\/nota\/wp-json\/wp\/v2\/posts\/20176\/revisions"}],"predecessor-version":[{"id":20177,"href":"https:\/\/radiowebmx.com\/nota\/wp-json\/wp\/v2\/posts\/20176\/revisions\/20177"}],"wp:attachment":[{"href":"https:\/\/radiowebmx.com\/nota\/wp-json\/wp\/v2\/media?parent=20176"}],"wp:term":[{"taxonomy":"category","embeddable":true,"href":"https:\/\/radiowebmx.com\/nota\/wp-json\/wp\/v2\/categories?post=20176"},{"taxonomy":"post_tag","embeddable":true,"href":"https:\/\/radiowebmx.com\/nota\/wp-json\/wp\/v2\/tags?post=20176"}],"curies":[{"name":"wp","href":"https:\/\/api.w.org\/{rel}","templated":true}]}}