{"id":20173,"date":"2015-12-08T13:13:05","date_gmt":"2015-12-08T19:13:05","guid":{"rendered":"https:\/\/radiowebmx.com\/nota\/?p=20173"},"modified":"2015-12-08T13:13:05","modified_gmt":"2015-12-08T19:13:05","slug":"promocionara-ayuntamiento-de-morelia-venta-de-pinatas-y-artesanias-en-mercados-y-plazas-comerciales","status":"publish","type":"post","link":"https:\/\/radiowebmx.com\/nota\/promocionara-ayuntamiento-de-morelia-venta-de-pinatas-y-artesanias-en-mercados-y-plazas-comerciales\/","title":{"rendered":"Promocionar\u00e1 Ayuntamiento de Morelia venta de pi\u00f1atas y artesan\u00edas en mercados y plazas comerciales"},"content":{"rendered":"<p><a href=\"https:\/\/radiowebmx.com\/nota\/wp-content\/uploads\/2015\/12\/7616e015-fa58-47b5-bb58-da31cc8f4481.jpg\"><img loading=\"lazy\" decoding=\"async\" class=\"alignleft size-full wp-image-20174\" src=\"https:\/\/radiowebmx.com\/nota\/wp-content\/uploads\/2015\/12\/7616e015-fa58-47b5-bb58-da31cc8f4481.jpg\" alt=\"7616e015-fa58-47b5-bb58-da31cc8f4481\" width=\"591\" height=\"397\" srcset=\"https:\/\/radiowebmx.com\/nota\/wp-content\/uploads\/2015\/12\/7616e015-fa58-47b5-bb58-da31cc8f4481.jpg 591w, https:\/\/radiowebmx.com\/nota\/wp-content\/uploads\/2015\/12\/7616e015-fa58-47b5-bb58-da31cc8f4481-300x202.jpg 300w\" sizes=\"auto, (max-width: 591px) 100vw, 591px\" \/><\/a>Con una producci\u00f3n de 20 mil pi\u00f1atas en temporada decembrina, el Ayuntamiento de Morelia arranc\u00f3\u00a0 la campa\u00f1a \u201cConserva Tradiciones, Rompiendo Pi\u00f1atas\u201d impulsada por la Secretar\u00eda de Servicios P\u00fablicos\u00a0 Municipales que encabeza Jos\u00e9 Luis Gil V\u00e1zquez, \u00a0quien afirm\u00f3 que la intenci\u00f3n de la Administraci\u00f3n es apoyar el autoempleo y la econom\u00eda mediante la comercializaci\u00f3n de productos artesanales que se ofertan en los ocho mercados municipales y las siete plazas comerciales de la ciudad.<\/p>\n<p>En rueda de prensa, Gil V\u00e1zquez destac\u00f3 que son alrededor de 200 familias las que se dedican a la elaboraci\u00f3n de las tradicionales pi\u00f1atas, las cu\u00e1les se estar\u00e1n poniendo a la venta a partir de este lunes y hasta el pr\u00f3ximo seis de enero.<\/p>\n<p>De igual forma, el funcionario municipal indic\u00f3 que para este a\u00f1o se espera superar las ventas, por lo que durante esta temporada estar\u00edan esperando una derrama econ\u00f3mica de dos millones de pesos.<\/p>\n<p>Jos\u00e9 Luis Gil , record\u00f3 que el objetivo es tambi\u00e9n rescatar las plazas comerciales\u00a0 e impulsar a los mercados municipales, al detallar que la Plaza Allende, \u00a0el Mercado de Dulces \u201cValent\u00edn G\u00f3mez Far\u00edas\u201d, Independencia, Revoluci\u00f3n, Nicol\u00e1s Bravo, Benito Ju\u00e1rez y Vasco de Quiroga, se unen a esta campa\u00f1a.<\/p>\n<p>Por su parte, la regidora y coordinadora de la Comisi\u00f3n de Servicios P\u00fablicos Municipales, Alma Bahena Villalobos destac\u00f3 la importancia de consumir productos artesanales y que la responsabilidad de las autoridades municipales es el apoyo al \u00a0sector econ\u00f3mico local.<\/p>\n<p>Adem\u00e1s, Bahena Villalobos expres\u00f3 que este tipo de actividades permiten difundir las artesan\u00edas y productos como dulces tradicionales que se pueden encontrar en mercados municipales.<\/p>\n<p>Asimismo, el director de Mercados y Comercio en la V\u00eda P\u00fablica, Iv\u00e1n Rodr\u00edguez Medina pidi\u00f3 hacer extensiva la invitaci\u00f3n a la poblaci\u00f3n, para que acudan a los puntos de venta y adquiera las pi\u00f1atas tradicionales.<\/p>\n<p>El director de Fomento Econ\u00f3mico de Morelia, Felipe Cort\u00e9s Espinoza, mencion\u00f3 que la mejor manera de mover al municipio en su econom\u00eda, es mediante la promoci\u00f3n de diferentes campa\u00f1as y adelant\u00f3 que se buscar\u00e1 apoyar a los comerciantes morelianos mediante capacitaciones y talleres.<\/p>\n<p>Al respecto Emmanuel Dom\u00ednguez Gonz\u00e1lez, presidente de la Uni\u00f3n Mutualista de Locatarios del Centro Comercial Allende y \u00a0Rafael Medina Rosales presidente de la Asociaci\u00f3n Civil del Mercado de Dulces y Artesan\u00edas \u201cValent\u00edn G\u00f3mez Far\u00edas\u201d precisaron que se ofrecer\u00e1n precios justos en beneficio de toda la poblaci\u00f3n que acuda a sus mercados municipales y plazas comerciales.<\/p>\n","protected":false},"excerpt":{"rendered":"<p>Con una producci\u00f3n de 20 mil pi\u00f1atas en temporada decembrina, el Ayuntamiento de Morelia arranc\u00f3  la campa\u00f1a \u201cConserva Tradiciones, Rompiendo Pi\u00f1atas\u201d impulsada por la Secretar\u00eda de Servicios P\u00fablicos  Municipales que encabeza Jos\u00e9 Luis Gil V\u00e1zquez, <\/p>\n","protected":false},"author":1,"featured_media":20174,"comment_status":"open","ping_status":"open","sticky":false,"template":"","format":"standard","meta":{"footnotes":""},"categories":[14,9],"tags":[],"class_list":["post-20173","post","type-post","status-publish","format-standard","has-post-thumbnail","hentry","category-destacadas","category-morelia"],"_links":{"self":[{"href":"https:\/\/radiowebmx.com\/nota\/wp-json\/wp\/v2\/posts\/20173","targetHints":{"allow":["GET"]}}],"collection":[{"href":"https:\/\/radiowebmx.com\/nota\/wp-json\/wp\/v2\/posts"}],"about":[{"href":"https:\/\/radiowebmx.com\/nota\/wp-json\/wp\/v2\/types\/post"}],"author":[{"embeddable":true,"href":"https:\/\/radiowebmx.com\/nota\/wp-json\/wp\/v2\/users\/1"}],"replies":[{"embeddable":true,"href":"https:\/\/radiowebmx.com\/nota\/wp-json\/wp\/v2\/comments?post=20173"}],"version-history":[{"count":1,"href":"https:\/\/radiowebmx.com\/nota\/wp-json\/wp\/v2\/posts\/20173\/revisions"}],"predecessor-version":[{"id":20175,"href":"https:\/\/radiowebmx.com\/nota\/wp-json\/wp\/v2\/posts\/20173\/revisions\/20175"}],"wp:featuredmedia":[{"embeddable":true,"href":"https:\/\/radiowebmx.com\/nota\/wp-json\/wp\/v2\/media\/20174"}],"wp:attachment":[{"href":"https:\/\/radiowebmx.com\/nota\/wp-json\/wp\/v2\/media?parent=20173"}],"wp:term":[{"taxonomy":"category","embeddable":true,"href":"https:\/\/radiowebmx.com\/nota\/wp-json\/wp\/v2\/categories?post=20173"},{"taxonomy":"post_tag","embeddable":true,"href":"https:\/\/radiowebmx.com\/nota\/wp-json\/wp\/v2\/tags?post=20173"}],"curies":[{"name":"wp","href":"https:\/\/api.w.org\/{rel}","templated":true}]}}