{"id":20168,"date":"2015-12-08T13:07:14","date_gmt":"2015-12-08T19:07:14","guid":{"rendered":"https:\/\/radiowebmx.com\/nota\/?p=20168"},"modified":"2015-12-08T13:07:14","modified_gmt":"2015-12-08T19:07:14","slug":"ayuntamiento-de-morelia-redoblara-esfuerzos-para-combatir-el-rezago-educativo","status":"publish","type":"post","link":"https:\/\/radiowebmx.com\/nota\/ayuntamiento-de-morelia-redoblara-esfuerzos-para-combatir-el-rezago-educativo\/","title":{"rendered":"Ayuntamiento de Morelia redoblar\u00e1 esfuerzos para combatir el rezago educativo"},"content":{"rendered":"<p><a href=\"https:\/\/radiowebmx.com\/nota\/wp-content\/uploads\/2015\/12\/d70c0dee-7b19-4f25-820c-187f9ec5b811.jpg\"><img loading=\"lazy\" decoding=\"async\" class=\"alignleft size-full wp-image-20169\" src=\"https:\/\/radiowebmx.com\/nota\/wp-content\/uploads\/2015\/12\/d70c0dee-7b19-4f25-820c-187f9ec5b811.jpg\" alt=\"d70c0dee-7b19-4f25-820c-187f9ec5b811\" width=\"591\" height=\"265\" srcset=\"https:\/\/radiowebmx.com\/nota\/wp-content\/uploads\/2015\/12\/d70c0dee-7b19-4f25-820c-187f9ec5b811.jpg 591w, https:\/\/radiowebmx.com\/nota\/wp-content\/uploads\/2015\/12\/d70c0dee-7b19-4f25-820c-187f9ec5b811-300x135.jpg 300w\" sizes=\"auto, (max-width: 591px) 100vw, 591px\" \/><\/a>Bajo el entendido de que la educaci\u00f3n es el principal motor para mejorar la condici\u00f3n de vida de los ciudadanos, el Ayuntamiento de Morelia que encabeza el Alcalde, Alfonso Mart\u00ednez Alc\u00e1zar, redoblar\u00e1 esfuerzos para abatir rezago educativo en la capital del estado, a trav\u00e9s de acciones que faciliten el acceso de la poblaci\u00f3n a las instituciones formadoras.<\/p>\n<p>Lo anterior lo afirm\u00f3 el director de Participaci\u00f3n Social de la Secretar\u00eda de Desarrollo Social, Israel Tena Guti\u00e9rrez, al hacer la inauguraci\u00f3n oficial de la Plaza Comunitaria del Instituto Nacional para la Educaci\u00f3n de los Adultos Mayores (INEA), en la colonia Trincheras, de este municipio y en donde tambi\u00e9n se entregaron certificados de primaria y secundaria a los habitantes de esta zona.<\/p>\n<p>En compa\u00f1\u00eda de los regidores integrantes de la Comisi\u00f3n de Educaci\u00f3n P\u00fablica, Cultura y Turismo, Mar\u00eda Elisa Garrido P\u00e9rez y F\u00e9lix Madrigal Pulido, as\u00ed como el coordinador de la Zona 05 Morelia del INEA, Gerardo Rafael Pandal Alfaro, el funcionario municipal inform\u00f3 que han estrechado v\u00ednculos con esta instituci\u00f3n, a fin de incrementar el n\u00famero de plazas INEA en la ciudad y reforzar los centros que ya se encuentran en funcionamiento.<\/p>\n<p>\u201cLa actual Administraci\u00f3n municipal tiene la firme intenci\u00f3n de emprender acciones que permitan disminuir el rezago educativo en Morelia, porque sabemos que para romper con el c\u00edrculo de ingresos bajos en las familias se requiere que sus integrantes tengan mayor nivel de preparaci\u00f3n\u201d, precis\u00f3.<br \/>\nAsimismo, Tena Guti\u00e9rrez subray\u00f3 que como muestra de que la educaci\u00f3n representa una de las prioridades del gobierno municipal, a partir del pr\u00f3ximo a\u00f1o el Ayuntamiento contar\u00e1 con un departamento enfocado a este rubro, con el que se potenciar\u00e1n las estrategias en la materia a favor de los morelianos.<\/p>\n<p>En su oportunidad, la regidora Garrido P\u00e9rez, resalt\u00f3 la sensibilidad del Presidente Alfonso Mart\u00ednez ante las necesidades de la poblaci\u00f3n, que \u201cest\u00e1 seguro que si impulsamos la educaci\u00f3n de los ciudadanos, en poco tiempo lograremos transformar a Morelia\u201d.<\/p>\n","protected":false},"excerpt":{"rendered":"<p>Bajo el entendido de que la educaci\u00f3n es el principal motor para mejorar la condici\u00f3n de vida de los ciudadanos, el Ayuntamiento de Morelia que encabeza el Alcalde, Alfonso Mart\u00ednez Alc\u00e1zar,<\/p>\n","protected":false},"author":1,"featured_media":20169,"comment_status":"open","ping_status":"open","sticky":false,"template":"","format":"standard","meta":{"footnotes":""},"categories":[14,9],"tags":[],"class_list":["post-20168","post","type-post","status-publish","format-standard","has-post-thumbnail","hentry","category-destacadas","category-morelia"],"_links":{"self":[{"href":"https:\/\/radiowebmx.com\/nota\/wp-json\/wp\/v2\/posts\/20168","targetHints":{"allow":["GET"]}}],"collection":[{"href":"https:\/\/radiowebmx.com\/nota\/wp-json\/wp\/v2\/posts"}],"about":[{"href":"https:\/\/radiowebmx.com\/nota\/wp-json\/wp\/v2\/types\/post"}],"author":[{"embeddable":true,"href":"https:\/\/radiowebmx.com\/nota\/wp-json\/wp\/v2\/users\/1"}],"replies":[{"embeddable":true,"href":"https:\/\/radiowebmx.com\/nota\/wp-json\/wp\/v2\/comments?post=20168"}],"version-history":[{"count":1,"href":"https:\/\/radiowebmx.com\/nota\/wp-json\/wp\/v2\/posts\/20168\/revisions"}],"predecessor-version":[{"id":20170,"href":"https:\/\/radiowebmx.com\/nota\/wp-json\/wp\/v2\/posts\/20168\/revisions\/20170"}],"wp:featuredmedia":[{"embeddable":true,"href":"https:\/\/radiowebmx.com\/nota\/wp-json\/wp\/v2\/media\/20169"}],"wp:attachment":[{"href":"https:\/\/radiowebmx.com\/nota\/wp-json\/wp\/v2\/media?parent=20168"}],"wp:term":[{"taxonomy":"category","embeddable":true,"href":"https:\/\/radiowebmx.com\/nota\/wp-json\/wp\/v2\/categories?post=20168"},{"taxonomy":"post_tag","embeddable":true,"href":"https:\/\/radiowebmx.com\/nota\/wp-json\/wp\/v2\/tags?post=20168"}],"curies":[{"name":"wp","href":"https:\/\/api.w.org\/{rel}","templated":true}]}}