{"id":20165,"date":"2015-12-08T13:05:19","date_gmt":"2015-12-08T19:05:19","guid":{"rendered":"https:\/\/radiowebmx.com\/nota\/?p=20165"},"modified":"2015-12-08T13:05:19","modified_gmt":"2015-12-08T19:05:19","slug":"morelia-sera-facilitador-y-aliado-para-la-apertura-de-negocios-alfonso-martinez","status":"publish","type":"post","link":"https:\/\/radiowebmx.com\/nota\/morelia-sera-facilitador-y-aliado-para-la-apertura-de-negocios-alfonso-martinez\/","title":{"rendered":"Morelia ser\u00e1 facilitador y aliado para la apertura de negocios: Alfonso Mart\u00ednez"},"content":{"rendered":"<p><a href=\"https:\/\/radiowebmx.com\/nota\/wp-content\/uploads\/2015\/12\/d434c4b1-61a1-41ce-91f6-c5b7ea76f8c8.jpg\"><img loading=\"lazy\" decoding=\"async\" class=\"alignleft size-full wp-image-20166\" src=\"https:\/\/radiowebmx.com\/nota\/wp-content\/uploads\/2015\/12\/d434c4b1-61a1-41ce-91f6-c5b7ea76f8c8.jpg\" alt=\"d434c4b1-61a1-41ce-91f6-c5b7ea76f8c8\" width=\"591\" height=\"390\" srcset=\"https:\/\/radiowebmx.com\/nota\/wp-content\/uploads\/2015\/12\/d434c4b1-61a1-41ce-91f6-c5b7ea76f8c8.jpg 591w, https:\/\/radiowebmx.com\/nota\/wp-content\/uploads\/2015\/12\/d434c4b1-61a1-41ce-91f6-c5b7ea76f8c8-300x198.jpg 300w\" sizes=\"auto, (max-width: 591px) 100vw, 591px\" \/><\/a>Con el objetivo de promover el desarrollo econ\u00f3mico de Morelia, el Ayuntamiento de\u00a0 que encabeza Alfonso Mart\u00ednez Alc\u00e1zar se pronunci\u00f3 a favor de ser facilitador y aliado de la ciudadan\u00eda que quiera abrir un negocio, as\u00ed como de las empresas que deseen instalarse en la capital del estado con la finalidad de aumentar la competitividad y el empleo.<\/p>\n<p>Lo anterior fue expresado por el Alcalde Alfonso Mart\u00ednez durante la Firma del Convenio del Programa para la Implementaci\u00f3n de la Mejora Regulatoria en Michoac\u00e1n y sus municipios, en donde se comprometi\u00f3 a que Morelia se pondr\u00e1 a la vanguardia en lo referente a tramitolog\u00eda.<\/p>\n<p>Ante el Gobernador del Estado, Silvano Aureoles Conejo, Mario Emilio Guti\u00e9rrez Caballero titular de la Comisi\u00f3n Federal de Mejora Regulatoria (COMEFER), Antonio Soto S\u00e1nchez secretario de Desarrollo Econ\u00f3mico y diversas autoridades federales, estatales y municipales, Mart\u00ednez Alc\u00e1zar subray\u00f3 que una de sus responsabilidades como autoridad es incentivar el desarrollo econ\u00f3mico y ser facilitador para que la ciudadan\u00eda tenga las herramientas necesarias para contar con un patrimonio.<\/p>\n<p>&#8220;Sabemos que en la medida en que los habitantes se mantengan ocupados, trabajando honestamente tendremos una sociedad din\u00e1mica, entusiasta, plena y sobre todo en paz&#8221;, mencion\u00f3 Alfonso Mart\u00ednez.<\/p>\n<p>Asimismo, asegur\u00f3 que con la firma de dicho convenio su gobierno se compromete a acelerar los tr\u00e1mites para que los ciudadanos puedan abrir sus empresas y estos no fenezcan en el camino debido a la burocracia.<\/p>\n<p>&#8220;Esto no puede seguir as\u00ed, quienes hemos transitado en el sector productivo entendemos que las oportunidades en ocasiones no se presentan dos veces, y que un d\u00eda o dos son la diferencia en el \u00e9xito de un negocio, en un estado como el nuestro tan \u00e1vido y necesitado de empleo es fundamental que como autoridades reconozcamos nuestra responsabilidad y hagamos lo necesario para que la ciudadan\u00eda se sienta respaldada por nosotros&#8221;.<\/p>\n<p>Ante ello, precis\u00f3 que Morelia se suma a este proceso de mejora regulatoria, por lo que con hechos se demostrar\u00e1 que los tramites son un proceso necesario y no un factor que determinante el futuro de los negocios, lo que dijo, es una muestra de respeto al\u00a0sue\u00f1o de todos aquellos que con esfuerzo ahorraron dinero, planearon, tocaron puertas y lucharon durante mucho tiempo para iniciar un negocio y que hoy s\u00f3lo est\u00e1n a la espera de los permisos necesarios para hacer realidad una idea.<\/p>\n<p>Finalmente, Alfonso Mart\u00ednez expres\u00f3 que el objetivo, es claro, vencer esa inercia de tramitolog\u00edas e ir al ritmo de la ciudadan\u00eda para as\u00ed convertirse en facilitadores en el desarrollo econ\u00f3mico del municipio y del estado.<\/p>\n","protected":false},"excerpt":{"rendered":"<p>Con el objetivo de promover el desarrollo econ\u00f3mico de Morelia, el Ayuntamiento de  que encabeza Alfonso Mart\u00ednez Alc\u00e1zar se pronunci\u00f3 a favor de ser facilitador y aliado de la ciudadan\u00eda que quiera abrir un negocio,<\/p>\n","protected":false},"author":1,"featured_media":20166,"comment_status":"open","ping_status":"open","sticky":false,"template":"","format":"standard","meta":{"footnotes":""},"categories":[14,9],"tags":[],"class_list":["post-20165","post","type-post","status-publish","format-standard","has-post-thumbnail","hentry","category-destacadas","category-morelia"],"_links":{"self":[{"href":"https:\/\/radiowebmx.com\/nota\/wp-json\/wp\/v2\/posts\/20165","targetHints":{"allow":["GET"]}}],"collection":[{"href":"https:\/\/radiowebmx.com\/nota\/wp-json\/wp\/v2\/posts"}],"about":[{"href":"https:\/\/radiowebmx.com\/nota\/wp-json\/wp\/v2\/types\/post"}],"author":[{"embeddable":true,"href":"https:\/\/radiowebmx.com\/nota\/wp-json\/wp\/v2\/users\/1"}],"replies":[{"embeddable":true,"href":"https:\/\/radiowebmx.com\/nota\/wp-json\/wp\/v2\/comments?post=20165"}],"version-history":[{"count":1,"href":"https:\/\/radiowebmx.com\/nota\/wp-json\/wp\/v2\/posts\/20165\/revisions"}],"predecessor-version":[{"id":20167,"href":"https:\/\/radiowebmx.com\/nota\/wp-json\/wp\/v2\/posts\/20165\/revisions\/20167"}],"wp:featuredmedia":[{"embeddable":true,"href":"https:\/\/radiowebmx.com\/nota\/wp-json\/wp\/v2\/media\/20166"}],"wp:attachment":[{"href":"https:\/\/radiowebmx.com\/nota\/wp-json\/wp\/v2\/media?parent=20165"}],"wp:term":[{"taxonomy":"category","embeddable":true,"href":"https:\/\/radiowebmx.com\/nota\/wp-json\/wp\/v2\/categories?post=20165"},{"taxonomy":"post_tag","embeddable":true,"href":"https:\/\/radiowebmx.com\/nota\/wp-json\/wp\/v2\/tags?post=20165"}],"curies":[{"name":"wp","href":"https:\/\/api.w.org\/{rel}","templated":true}]}}