{"id":20162,"date":"2015-12-08T13:01:14","date_gmt":"2015-12-08T19:01:14","guid":{"rendered":"https:\/\/radiowebmx.com\/nota\/?p=20162"},"modified":"2015-12-08T13:01:14","modified_gmt":"2015-12-08T19:01:14","slug":"revisa-alfonso-martinez-avances-en-estrategia-de-seguridad-en-morelia","status":"publish","type":"post","link":"https:\/\/radiowebmx.com\/nota\/revisa-alfonso-martinez-avances-en-estrategia-de-seguridad-en-morelia\/","title":{"rendered":"Revisa Alfonso Mart\u00ednez avances en estrategia de seguridad en Morelia"},"content":{"rendered":"<p><a href=\"https:\/\/radiowebmx.com\/nota\/wp-content\/uploads\/2015\/12\/dd3a2aab-ef82-4018-97f7-83f472f7ef2b.jpg\"><img loading=\"lazy\" decoding=\"async\" class=\"alignleft size-full wp-image-20163\" src=\"https:\/\/radiowebmx.com\/nota\/wp-content\/uploads\/2015\/12\/dd3a2aab-ef82-4018-97f7-83f472f7ef2b.jpg\" alt=\"dd3a2aab-ef82-4018-97f7-83f472f7ef2b\" width=\"591\" height=\"365\" srcset=\"https:\/\/radiowebmx.com\/nota\/wp-content\/uploads\/2015\/12\/dd3a2aab-ef82-4018-97f7-83f472f7ef2b.jpg 591w, https:\/\/radiowebmx.com\/nota\/wp-content\/uploads\/2015\/12\/dd3a2aab-ef82-4018-97f7-83f472f7ef2b-300x185.jpg 300w\" sizes=\"auto, (max-width: 591px) 100vw, 591px\" \/><\/a>Morelia refuerza su coordinaci\u00f3n en seguridad y en este sentido el Presidente municipal, Alfonso Mart\u00ednez Alc\u00e1zar sostuvo reuniones con mandos militares, fuerzas federales de la Gendarmer\u00eda, la polic\u00eda estatal y municipal.<\/p>\n<p>Bajo este contexto, \u00a0Bernardo Le\u00f3n Olea encargado de despacho \u00a0para la Reforma de Mando Unificado de la \u00a0polic\u00eda municipal en la capital michoacana, expuso los avances que existen en la materia y detall\u00f3 el trabajo realizado por los tres \u00f3rdenes de gobierno y el apoyo emprendido por la presente Administraci\u00f3n municipal con el fin de fortalecer las acciones de seguridad.<\/p>\n<p>El Presidente Municipal, Alfonso Mart\u00ednez Alc\u00e1zar se\u00f1al\u00f3 que estas reuniones se realizan de manera peri\u00f3dica para florecer todas las estrategias de seguridad, desde el \u00e1mbito de Gobierno y de la mano con la ciudadan\u00eda.<\/p>\n<p>En este sentido, subray\u00f3 que los trabajos van enfocados al tema de la prevenci\u00f3n del delito y la participaci\u00f3n ciudadana, con la finalidad de hacer copart\u00edcipe a la poblaci\u00f3n en la construcci\u00f3n de un\u00a0entorno\u00a0que permita una mejor calidad de vida.<\/p>\n<p>Destac\u00f3 que el proceso para terminar con la inseguridad que durante muchos a\u00f1os ha permeado en el estado, requiere la estrecha colaboraci\u00f3n entre sociedad y Gobierno, de manera que todos los actores sean part\u00edcipes en la construcci\u00f3n de un municipio en paz y con desarrollo.<\/p>\n<p>Por su parte Miguel Gallegos Garc\u00eda encargado del despacho de la Direcci\u00f3n General de la Polic\u00eda Municipal,\u00a0\u00a0consider\u00f3 que as\u00ed como se han mejorado las condiciones de las fuerzas de seguridad locales, el compromiso es seguir trabajando arduamente para que en un corto tiempo, la ciudadan\u00eda perciba resultados notorios que avalen el intenso trabajo que se est\u00e1 realizando en conjunto con el Gobierno del Estado y la Federaci\u00f3n.<br \/>\nLas autoridades presentes coincidieron en la necesidad de redoblar esfuerzos encaminados a fortalecer la estrategia de seguridad, para as\u00ed lograr un contexto de paz en donde la ciudadan\u00eda pueda desarrollarse plenamente.<\/p>\n","protected":false},"excerpt":{"rendered":"<p>Morelia refuerza su coordinaci\u00f3n en seguridad y en este sentido el Presidente municipal, Alfonso Mart\u00ednez Alc\u00e1zar sostuvo reuniones con mandos militares, fuerzas federales de la Gendarmer\u00eda, la polic\u00eda estatal y municipal.<\/p>\n","protected":false},"author":1,"featured_media":20163,"comment_status":"open","ping_status":"open","sticky":false,"template":"","format":"standard","meta":{"footnotes":""},"categories":[14,9],"tags":[],"class_list":["post-20162","post","type-post","status-publish","format-standard","has-post-thumbnail","hentry","category-destacadas","category-morelia"],"_links":{"self":[{"href":"https:\/\/radiowebmx.com\/nota\/wp-json\/wp\/v2\/posts\/20162","targetHints":{"allow":["GET"]}}],"collection":[{"href":"https:\/\/radiowebmx.com\/nota\/wp-json\/wp\/v2\/posts"}],"about":[{"href":"https:\/\/radiowebmx.com\/nota\/wp-json\/wp\/v2\/types\/post"}],"author":[{"embeddable":true,"href":"https:\/\/radiowebmx.com\/nota\/wp-json\/wp\/v2\/users\/1"}],"replies":[{"embeddable":true,"href":"https:\/\/radiowebmx.com\/nota\/wp-json\/wp\/v2\/comments?post=20162"}],"version-history":[{"count":1,"href":"https:\/\/radiowebmx.com\/nota\/wp-json\/wp\/v2\/posts\/20162\/revisions"}],"predecessor-version":[{"id":20164,"href":"https:\/\/radiowebmx.com\/nota\/wp-json\/wp\/v2\/posts\/20162\/revisions\/20164"}],"wp:featuredmedia":[{"embeddable":true,"href":"https:\/\/radiowebmx.com\/nota\/wp-json\/wp\/v2\/media\/20163"}],"wp:attachment":[{"href":"https:\/\/radiowebmx.com\/nota\/wp-json\/wp\/v2\/media?parent=20162"}],"wp:term":[{"taxonomy":"category","embeddable":true,"href":"https:\/\/radiowebmx.com\/nota\/wp-json\/wp\/v2\/categories?post=20162"},{"taxonomy":"post_tag","embeddable":true,"href":"https:\/\/radiowebmx.com\/nota\/wp-json\/wp\/v2\/tags?post=20162"}],"curies":[{"name":"wp","href":"https:\/\/api.w.org\/{rel}","templated":true}]}}