{"id":20154,"date":"2015-12-07T14:14:52","date_gmt":"2015-12-07T20:14:52","guid":{"rendered":"https:\/\/radiowebmx.com\/nota\/?p=20154"},"modified":"2015-12-07T14:15:05","modified_gmt":"2015-12-07T20:15:05","slug":"todo-un-exito-el-festival-nacional-de-atletismo-en-morelia","status":"publish","type":"post","link":"https:\/\/radiowebmx.com\/nota\/todo-un-exito-el-festival-nacional-de-atletismo-en-morelia\/","title":{"rendered":"Todo un \u00e9xito el Festival Nacional de Atletismo en Morelia"},"content":{"rendered":"<p><a href=\"https:\/\/radiowebmx.com\/nota\/wp-content\/uploads\/2015\/12\/03855ed7-9562-4169-a7d4-76d64c55cb64.jpg\"><img loading=\"lazy\" decoding=\"async\" class=\"alignleft size-full wp-image-20155\" src=\"https:\/\/radiowebmx.com\/nota\/wp-content\/uploads\/2015\/12\/03855ed7-9562-4169-a7d4-76d64c55cb64.jpg\" alt=\"03855ed7-9562-4169-a7d4-76d64c55cb64\" width=\"591\" height=\"303\" srcset=\"https:\/\/radiowebmx.com\/nota\/wp-content\/uploads\/2015\/12\/03855ed7-9562-4169-a7d4-76d64c55cb64.jpg 591w, https:\/\/radiowebmx.com\/nota\/wp-content\/uploads\/2015\/12\/03855ed7-9562-4169-a7d4-76d64c55cb64-300x154.jpg 300w\" sizes=\"auto, (max-width: 591px) 100vw, 591px\" \/><\/a>Con un rotundo \u00e9xito concluy\u00f3 el Festival Nacional de Invierno de Atletismo, el cual reuni\u00f3 a m\u00e1s de 200 deportistas en las instalaciones del Complejo Deportivo Bicentenario, los pasados 5 y 6 de diciembre. Los elementos michoacanos arrancaron as\u00ed su preparaci\u00f3n para los eventos del a\u00f1o 2016, entre ellos el campeonato estatal que se disputar\u00e1 en febrero.<\/p>\n<p>El presidente municipal de Morelia, Alfonso Mart\u00ednez Alc\u00e1zar, a trav\u00e9s del Instituto Municipal de Cultura F\u00edsica y Deporte (IMDE) y su director general, Gustavo Ju\u00e1rez Bedolla, apoy\u00f3 el evento organizado por la Asociaci\u00f3n de Atletismo del Estado de Michoac\u00e1n.<\/p>\n<p>La justa atl\u00e9tica se realiz\u00f3 bajo los conceptos de generar una sana convivencia entre deportistas de diferentes entidades, adem\u00e1s de potenciar a todas las categor\u00edas del atletismo, desde la Juvenil hasta la M\u00e1ster.<\/p>\n<p>El Festival Nacional de Invierno de Atletismo, se disput\u00f3 en el Complejo Deportivo Bicentenario, los d\u00edas 5 y 6 de diciembre, con una afluencia de\u00a0 214\u00a0 exponentes del atletismo, provenientes del Estado de M\u00e9xico, Jalisco, Guanajuato, Distrito Federal y Michoac\u00e1n.<\/p>\n<p>\u201cEl que hayan participado elementos de diferentes puntos del pa\u00eds en nuestro evento preparatorio es muy halagador, nos motiva para tener m\u00e1s festivales de este tipo, as\u00ed que podemos concluir que esto fue un rotundo \u00e9xito\u201d, manifest\u00f3 Antonio Berrueta Ferrioli, presidente de la Asociaci\u00f3n de Atletismo del Estado de Michoac\u00e1n.<\/p>\n","protected":false},"excerpt":{"rendered":"<p>Con un rotundo \u00e9xito concluy\u00f3 el Festival Nacional de Invierno de Atletismo, el cual reuni\u00f3 a m\u00e1s de 200 deportistas en las instalaciones del Complejo Deportivo Bicentenario, los pasados 5 y 6 de diciembre. <\/p>\n","protected":false},"author":1,"featured_media":20155,"comment_status":"open","ping_status":"open","sticky":false,"template":"","format":"standard","meta":{"footnotes":""},"categories":[14,9],"tags":[],"class_list":["post-20154","post","type-post","status-publish","format-standard","has-post-thumbnail","hentry","category-destacadas","category-morelia"],"_links":{"self":[{"href":"https:\/\/radiowebmx.com\/nota\/wp-json\/wp\/v2\/posts\/20154","targetHints":{"allow":["GET"]}}],"collection":[{"href":"https:\/\/radiowebmx.com\/nota\/wp-json\/wp\/v2\/posts"}],"about":[{"href":"https:\/\/radiowebmx.com\/nota\/wp-json\/wp\/v2\/types\/post"}],"author":[{"embeddable":true,"href":"https:\/\/radiowebmx.com\/nota\/wp-json\/wp\/v2\/users\/1"}],"replies":[{"embeddable":true,"href":"https:\/\/radiowebmx.com\/nota\/wp-json\/wp\/v2\/comments?post=20154"}],"version-history":[{"count":2,"href":"https:\/\/radiowebmx.com\/nota\/wp-json\/wp\/v2\/posts\/20154\/revisions"}],"predecessor-version":[{"id":20157,"href":"https:\/\/radiowebmx.com\/nota\/wp-json\/wp\/v2\/posts\/20154\/revisions\/20157"}],"wp:featuredmedia":[{"embeddable":true,"href":"https:\/\/radiowebmx.com\/nota\/wp-json\/wp\/v2\/media\/20155"}],"wp:attachment":[{"href":"https:\/\/radiowebmx.com\/nota\/wp-json\/wp\/v2\/media?parent=20154"}],"wp:term":[{"taxonomy":"category","embeddable":true,"href":"https:\/\/radiowebmx.com\/nota\/wp-json\/wp\/v2\/categories?post=20154"},{"taxonomy":"post_tag","embeddable":true,"href":"https:\/\/radiowebmx.com\/nota\/wp-json\/wp\/v2\/tags?post=20154"}],"curies":[{"name":"wp","href":"https:\/\/api.w.org\/{rel}","templated":true}]}}