{"id":20151,"date":"2015-12-07T14:12:16","date_gmt":"2015-12-07T20:12:16","guid":{"rendered":"https:\/\/radiowebmx.com\/nota\/?p=20151"},"modified":"2015-12-07T14:12:16","modified_gmt":"2015-12-07T20:12:16","slug":"confia-pri-que-se-desarrolle-una-jornada-electoral-tranquila","status":"publish","type":"post","link":"https:\/\/radiowebmx.com\/nota\/confia-pri-que-se-desarrolle-una-jornada-electoral-tranquila\/","title":{"rendered":"CONF\u00cdA PRI QUE SE DESARROLLE UNA JORNADA ELECTORAL TRANQUILA"},"content":{"rendered":"<p class=\"ecxMsoNormal\"><a href=\"https:\/\/radiowebmx.com\/nota\/wp-content\/uploads\/2015\/12\/DSC_0703.jpg\"><img loading=\"lazy\" decoding=\"async\" class=\"alignleft size-full wp-image-20152\" src=\"https:\/\/radiowebmx.com\/nota\/wp-content\/uploads\/2015\/12\/DSC_0703.jpg\" alt=\"DSC_0703\" width=\"591\" height=\"351\" srcset=\"https:\/\/radiowebmx.com\/nota\/wp-content\/uploads\/2015\/12\/DSC_0703.jpg 591w, https:\/\/radiowebmx.com\/nota\/wp-content\/uploads\/2015\/12\/DSC_0703-300x178.jpg 300w\" sizes=\"auto, (max-width: 591px) 100vw, 591px\" \/><\/a>El Presidente del Comit\u00e9 Directivo Estatal del PRI, Agust\u00edn Trujillo \u00cd\u00f1iguez, tras acompa\u00f1ar al candidato del PRI a diputado local por el distrito XII con cabecera en Hidalgo Salvador Pe\u00f1a Ram\u00edrez, a votar, confi\u00f3 en que la jornada electoral se desarrolle en un clima de tranquilidad.<\/p>\n<p class=\"ecxMsoNormal\">De acuerdo con informaci\u00f3n que obtuvo esta dirigencia estatal, el total de las casillas en los seis municipios que hay votaciones, cinco del distrito de Hidalgo y en Sahuayo, fueron instaladas sin mayores incidencias.<\/p>\n<p class=\"ecxMsoNormal\">El dirigente estatal del PRI, manifest\u00f3 que hay confianza en las autoridades electorales y el partido estar\u00e1 atento a las comunicaciones que estos emitan.<\/p>\n<p class=\"ecxMsoNormal\">El candidato del tricolor, estuvo acompa\u00f1ado tambi\u00e9n por la Secretar\u00eda General del CDE, Yanitzi Palomo Calder\u00f3n, por el Diputado Federal, Marco Polo Aguirre Ch\u00e1vez, por el delegado pol\u00edtico del CEN, Jorge Sandoval, el Secretario General del CEN de la CNOP, Jes\u00fas Hern\u00e1ndez Pe\u00f1a y por su familia.<\/p>\n<p class=\"ecxMsoNormal\">En Sahuayo el candidato a Presidente municipal, acudi\u00f3 a votar acompa\u00f1ado de Marisela Vel\u00e1zquez, Secretaria de Gesti\u00f3n Social del PRI, Jes\u00fas M\u00e1rquez delegado del CEN, Bert\u00edn Cornejo delegado pol\u00edtico del CDE y por la diputada local, X\u00f3chitl Gabriela Ru\u00edz como representante del CDE.<\/p>\n","protected":false},"excerpt":{"rendered":"<p>El Presidente del Comit\u00e9 Directivo Estatal del PRI, Agust\u00edn Trujillo \u00cd\u00f1iguez, tras acompa\u00f1ar al candidato del PRI a diputado local por el distrito XII con cabecera en Hidalgo Salvador Pe\u00f1a Ram\u00edrez, <\/p>\n","protected":false},"author":1,"featured_media":20152,"comment_status":"open","ping_status":"open","sticky":false,"template":"","format":"standard","meta":{"footnotes":""},"categories":[14,11,12],"tags":[],"class_list":["post-20151","post","type-post","status-publish","format-standard","has-post-thumbnail","hentry","category-destacadas","category-partidos-politicos","category-pri"],"_links":{"self":[{"href":"https:\/\/radiowebmx.com\/nota\/wp-json\/wp\/v2\/posts\/20151","targetHints":{"allow":["GET"]}}],"collection":[{"href":"https:\/\/radiowebmx.com\/nota\/wp-json\/wp\/v2\/posts"}],"about":[{"href":"https:\/\/radiowebmx.com\/nota\/wp-json\/wp\/v2\/types\/post"}],"author":[{"embeddable":true,"href":"https:\/\/radiowebmx.com\/nota\/wp-json\/wp\/v2\/users\/1"}],"replies":[{"embeddable":true,"href":"https:\/\/radiowebmx.com\/nota\/wp-json\/wp\/v2\/comments?post=20151"}],"version-history":[{"count":1,"href":"https:\/\/radiowebmx.com\/nota\/wp-json\/wp\/v2\/posts\/20151\/revisions"}],"predecessor-version":[{"id":20153,"href":"https:\/\/radiowebmx.com\/nota\/wp-json\/wp\/v2\/posts\/20151\/revisions\/20153"}],"wp:featuredmedia":[{"embeddable":true,"href":"https:\/\/radiowebmx.com\/nota\/wp-json\/wp\/v2\/media\/20152"}],"wp:attachment":[{"href":"https:\/\/radiowebmx.com\/nota\/wp-json\/wp\/v2\/media?parent=20151"}],"wp:term":[{"taxonomy":"category","embeddable":true,"href":"https:\/\/radiowebmx.com\/nota\/wp-json\/wp\/v2\/categories?post=20151"},{"taxonomy":"post_tag","embeddable":true,"href":"https:\/\/radiowebmx.com\/nota\/wp-json\/wp\/v2\/tags?post=20151"}],"curies":[{"name":"wp","href":"https:\/\/api.w.org\/{rel}","templated":true}]}}