{"id":20147,"date":"2015-12-07T14:08:16","date_gmt":"2015-12-07T20:08:16","guid":{"rendered":"https:\/\/radiowebmx.com\/nota\/?p=20147"},"modified":"2015-12-07T14:08:16","modified_gmt":"2015-12-07T20:08:16","slug":"alista-ayuntamiento-de-morelia-1er-feria-del-molcajete-san-nicolas-obispo-2015","status":"publish","type":"post","link":"https:\/\/radiowebmx.com\/nota\/alista-ayuntamiento-de-morelia-1er-feria-del-molcajete-san-nicolas-obispo-2015\/","title":{"rendered":"Alista Ayuntamiento de Morelia 1er. Feria del Molcajete San Nicol\u00e1s Obispo 2015"},"content":{"rendered":"<p><a href=\"https:\/\/radiowebmx.com\/nota\/wp-content\/uploads\/2015\/12\/9fb5cf6c-41df-4f9e-8c12-18b0e033dc8d.jpg\"><img loading=\"lazy\" decoding=\"async\" class=\"alignleft size-full wp-image-20148\" src=\"https:\/\/radiowebmx.com\/nota\/wp-content\/uploads\/2015\/12\/9fb5cf6c-41df-4f9e-8c12-18b0e033dc8d.jpg\" alt=\"9fb5cf6c-41df-4f9e-8c12-18b0e033dc8d\" width=\"591\" height=\"391\" srcset=\"https:\/\/radiowebmx.com\/nota\/wp-content\/uploads\/2015\/12\/9fb5cf6c-41df-4f9e-8c12-18b0e033dc8d.jpg 591w, https:\/\/radiowebmx.com\/nota\/wp-content\/uploads\/2015\/12\/9fb5cf6c-41df-4f9e-8c12-18b0e033dc8d-300x198.jpg 300w\" sizes=\"auto, (max-width: 591px) 100vw, 591px\" \/><\/a>Con la intenci\u00f3n de promover, conservar e impulsar la actividad artesanal de la localidad y coadyuvar en su desarrollo comunitario, el Ayuntamiento de Morelia, a trav\u00e9s de la Secretar\u00eda de Turismo municipal, alista la Primera Edici\u00f3n de la Feria del Molcajete en la Tenencia de San Nicol\u00e1s de Obispo.<\/p>\n<p>La titular de esta dependencia, Thelma Aquique Arrieta, se\u00f1al\u00f3 que siguiendo las indicaciones del Alcalde Alfonso Mart\u00ednez Alc\u00e1zar de reactivar la actividad econ\u00f3mica, tur\u00edstica y cultural de las 12 tenencias de la capital michoacana, se contempla llevar a cabo este magno evento con apoyo de los habitantes de la localidad.<\/p>\n<p>Luego de sostener una reuni\u00f3n al respecto, record\u00f3 que la Tenencia de San Nicol\u00e1s de Obispo, ubicada a tan s\u00f3lo 18 kil\u00f3metros de la zona urbana de Morelia, es conocida por labrar este utensilio gastron\u00f3mico que da un toque especial a la comida tradicional mexicana, por lo que es fundamental enaltecer y dar a conocer a los morelianos y visitantes sobre su elaboraci\u00f3n.<\/p>\n<p>De tal manera, agreg\u00f3 Thelma Aquique, esta feria que se realizar\u00e1 en el marco de las fiestas decembrinas, permitir\u00e1 conservar la t\u00e9cnica artesanal de elaboraci\u00f3n de molcajetes y metates, los cuales son caracter\u00edsticos de la Tenencia pues se realizan desde tiempos remotos.<\/p>\n","protected":false},"excerpt":{"rendered":"<p>Con la intenci\u00f3n de promover, conservar e impulsar la actividad artesanal de la localidad y coadyuvar en su desarrollo comunitario, el Ayuntamiento de Morelia,<\/p>\n","protected":false},"author":1,"featured_media":20148,"comment_status":"open","ping_status":"open","sticky":false,"template":"","format":"standard","meta":{"footnotes":""},"categories":[14,9],"tags":[],"class_list":["post-20147","post","type-post","status-publish","format-standard","has-post-thumbnail","hentry","category-destacadas","category-morelia"],"_links":{"self":[{"href":"https:\/\/radiowebmx.com\/nota\/wp-json\/wp\/v2\/posts\/20147","targetHints":{"allow":["GET"]}}],"collection":[{"href":"https:\/\/radiowebmx.com\/nota\/wp-json\/wp\/v2\/posts"}],"about":[{"href":"https:\/\/radiowebmx.com\/nota\/wp-json\/wp\/v2\/types\/post"}],"author":[{"embeddable":true,"href":"https:\/\/radiowebmx.com\/nota\/wp-json\/wp\/v2\/users\/1"}],"replies":[{"embeddable":true,"href":"https:\/\/radiowebmx.com\/nota\/wp-json\/wp\/v2\/comments?post=20147"}],"version-history":[{"count":1,"href":"https:\/\/radiowebmx.com\/nota\/wp-json\/wp\/v2\/posts\/20147\/revisions"}],"predecessor-version":[{"id":20150,"href":"https:\/\/radiowebmx.com\/nota\/wp-json\/wp\/v2\/posts\/20147\/revisions\/20150"}],"wp:featuredmedia":[{"embeddable":true,"href":"https:\/\/radiowebmx.com\/nota\/wp-json\/wp\/v2\/media\/20148"}],"wp:attachment":[{"href":"https:\/\/radiowebmx.com\/nota\/wp-json\/wp\/v2\/media?parent=20147"}],"wp:term":[{"taxonomy":"category","embeddable":true,"href":"https:\/\/radiowebmx.com\/nota\/wp-json\/wp\/v2\/categories?post=20147"},{"taxonomy":"post_tag","embeddable":true,"href":"https:\/\/radiowebmx.com\/nota\/wp-json\/wp\/v2\/tags?post=20147"}],"curies":[{"name":"wp","href":"https:\/\/api.w.org\/{rel}","templated":true}]}}