{"id":20142,"date":"2015-12-07T14:03:14","date_gmt":"2015-12-07T20:03:14","guid":{"rendered":"https:\/\/radiowebmx.com\/nota\/?p=20142"},"modified":"2015-12-07T14:03:14","modified_gmt":"2015-12-07T20:03:14","slug":"encabeza-alfonso-martinez-entrega-de-mas-de-17-mil-apoyos-alimenticios","status":"publish","type":"post","link":"https:\/\/radiowebmx.com\/nota\/encabeza-alfonso-martinez-entrega-de-mas-de-17-mil-apoyos-alimenticios\/","title":{"rendered":"Encabeza Alfonso Mart\u00ednez entrega de m\u00e1s de 17 mil apoyos alimenticios"},"content":{"rendered":"<p><a href=\"https:\/\/radiowebmx.com\/nota\/wp-content\/uploads\/2015\/12\/2592a29c-1f7a-4e3f-a8a2-4436ccaba716.jpg\"><img loading=\"lazy\" decoding=\"async\" class=\"alignleft size-full wp-image-20143\" src=\"https:\/\/radiowebmx.com\/nota\/wp-content\/uploads\/2015\/12\/2592a29c-1f7a-4e3f-a8a2-4436ccaba716.jpg\" alt=\"2592a29c-1f7a-4e3f-a8a2-4436ccaba716\" width=\"591\" height=\"319\" srcset=\"https:\/\/radiowebmx.com\/nota\/wp-content\/uploads\/2015\/12\/2592a29c-1f7a-4e3f-a8a2-4436ccaba716.jpg 591w, https:\/\/radiowebmx.com\/nota\/wp-content\/uploads\/2015\/12\/2592a29c-1f7a-4e3f-a8a2-4436ccaba716-300x162.jpg 300w\" sizes=\"auto, (max-width: 591px) 100vw, 591px\" \/><\/a>En el arranque de la Entrega p\u00fablica a beneficiarios del Programa de Asistencia Alimentaria 2015, el Presidente Municipal de Morelia, Alfonso Mart\u00ednez Alc\u00e1zar, destac\u00f3 que los apoyos no deben condicionarse para las personas m\u00e1s necesitadas, por ello, desde el Ayuntamiento se impulsan pol\u00edticas de transparencia que garanticen que los recursos lleguen a los grupos sociales que verdaderamente lo requieran.<\/p>\n<p>Al evento asistieron cientos de personas de diversas comunidades y tenencias de Morelia, quienes recibieron directamente el apoyo por parte de personal del DIF Municipal y bajo la supervisi\u00f3n de la Contralor\u00eda ciudadana.<\/p>\n<p>En este marco, Alfonso Mart\u00ednez anunci\u00f3 que en el padr\u00f3n de 2016, adem\u00e1s de transparentar su registro, se ampliar\u00e1 el n\u00famero de beneficiarios para que sea un mayor n\u00famero de morelianos los que se integren a los programas sociales que buscan brindar condiciones de desarrollo y bienestar para la gente de escasos recursos.<\/p>\n<p>Acompa\u00f1ado en el pres\u00eddium por la Presidenta Honoraria del DIF de Morelia, Paola Delgadillo de Mart\u00ednez, el S\u00edndico, Fabio Sistos Rangel, la Regidora, Adela Alejandre Flores, el Secretario del Ayuntamiento, Jes\u00fas \u00c1valos Plata, la encargada de despacho del DIF de Morelia, Carla Isamara Hern\u00e1ndez L\u00f3pez, as\u00ed como los secretarios de Desarrollo Social y Servicios P\u00fablicos, Guillermo Mar\u00edn y Jos\u00e9 Luis Gil, respectivamente, y la beneficiaria, Evelia Mart\u00ednez, el Alcalde agradeci\u00f3 la presencia de quienes este s\u00e1bado recibieron el apoyo.<\/p>\n","protected":false},"excerpt":{"rendered":"<p>En el arranque de la Entrega p\u00fablica a beneficiarios del Programa de Asistencia Alimentaria 2015, el Presidente Municipal de Morelia, Alfonso Mart\u00ednez Alc\u00e1zar,<\/p>\n","protected":false},"author":1,"featured_media":20143,"comment_status":"open","ping_status":"open","sticky":false,"template":"","format":"standard","meta":{"footnotes":""},"categories":[14,9],"tags":[],"class_list":["post-20142","post","type-post","status-publish","format-standard","has-post-thumbnail","hentry","category-destacadas","category-morelia"],"_links":{"self":[{"href":"https:\/\/radiowebmx.com\/nota\/wp-json\/wp\/v2\/posts\/20142","targetHints":{"allow":["GET"]}}],"collection":[{"href":"https:\/\/radiowebmx.com\/nota\/wp-json\/wp\/v2\/posts"}],"about":[{"href":"https:\/\/radiowebmx.com\/nota\/wp-json\/wp\/v2\/types\/post"}],"author":[{"embeddable":true,"href":"https:\/\/radiowebmx.com\/nota\/wp-json\/wp\/v2\/users\/1"}],"replies":[{"embeddable":true,"href":"https:\/\/radiowebmx.com\/nota\/wp-json\/wp\/v2\/comments?post=20142"}],"version-history":[{"count":1,"href":"https:\/\/radiowebmx.com\/nota\/wp-json\/wp\/v2\/posts\/20142\/revisions"}],"predecessor-version":[{"id":20144,"href":"https:\/\/radiowebmx.com\/nota\/wp-json\/wp\/v2\/posts\/20142\/revisions\/20144"}],"wp:featuredmedia":[{"embeddable":true,"href":"https:\/\/radiowebmx.com\/nota\/wp-json\/wp\/v2\/media\/20143"}],"wp:attachment":[{"href":"https:\/\/radiowebmx.com\/nota\/wp-json\/wp\/v2\/media?parent=20142"}],"wp:term":[{"taxonomy":"category","embeddable":true,"href":"https:\/\/radiowebmx.com\/nota\/wp-json\/wp\/v2\/categories?post=20142"},{"taxonomy":"post_tag","embeddable":true,"href":"https:\/\/radiowebmx.com\/nota\/wp-json\/wp\/v2\/tags?post=20142"}],"curies":[{"name":"wp","href":"https:\/\/api.w.org\/{rel}","templated":true}]}}