{"id":20138,"date":"2015-12-07T13:59:24","date_gmt":"2015-12-07T19:59:24","guid":{"rendered":"https:\/\/radiowebmx.com\/nota\/?p=20138"},"modified":"2015-12-07T13:59:37","modified_gmt":"2015-12-07T19:59:37","slug":"promueve-el-ayuntamiento-la-responsabilidad-civica-en-la-entrega-de-cartillas-y-hojas-de-liberacion","status":"publish","type":"post","link":"https:\/\/radiowebmx.com\/nota\/promueve-el-ayuntamiento-la-responsabilidad-civica-en-la-entrega-de-cartillas-y-hojas-de-liberacion\/","title":{"rendered":"Promueve el Ayuntamiento la responsabilidad c\u00edvica en la entrega de Cartillas y hojas de liberaci\u00f3n"},"content":{"rendered":"<p><a href=\"https:\/\/radiowebmx.com\/nota\/wp-content\/uploads\/2015\/12\/e8fe8890-121e-4602-bd12-2ef8876e4491.jpg\"><img loading=\"lazy\" decoding=\"async\" class=\"alignleft size-full wp-image-20139\" src=\"https:\/\/radiowebmx.com\/nota\/wp-content\/uploads\/2015\/12\/e8fe8890-121e-4602-bd12-2ef8876e4491.jpg\" alt=\"e8fe8890-121e-4602-bd12-2ef8876e4491\" width=\"591\" height=\"306\" srcset=\"https:\/\/radiowebmx.com\/nota\/wp-content\/uploads\/2015\/12\/e8fe8890-121e-4602-bd12-2ef8876e4491.jpg 591w, https:\/\/radiowebmx.com\/nota\/wp-content\/uploads\/2015\/12\/e8fe8890-121e-4602-bd12-2ef8876e4491-300x155.jpg 300w\" sizes=\"auto, (max-width: 591px) 100vw, 591px\" \/><\/a>El Ayuntamiento de Morelia reafirma su compromiso y promoci\u00f3n del civismo en cada uno de sus ciudadanos, al acudir\u00a0 a la ceremonia de entrega de Cartillas y hojas de liberaci\u00f3n de las personas registradas para el Servicio Militar Nacional clase 1996, anticipados, \u00a0remisos y mujeres voluntarias.<\/p>\n<p>Fueron 3 mil 383 j\u00f3venes de la capital michoacana los que recibieron este documento en la XXI Zona Militar con sede en esta ciudad \u00a0de un gran total de 12 mil 565 conscriptos\u00a0 de la clase 1996 \u00a0y 16 mujeres voluntarias, que de manera simult\u00e1nea recibieron adiestramiento en las unidades jurisdiccionadas a este mando territorial.<\/p>\n<p>En su oportunidad el Comandante del 12\u00b0 Batall\u00f3n de Infanter\u00eda, Paulo Francisco Ben\u00edtez G\u00f3mez refiri\u00f3 que la identidad nacional es la mayor virtud y recurso que une a los pueblos, en este sentido afirm\u00f3 que es necesario contar con ciudadanos comprometidos, honestos y con s\u00f3lidos valores inculcados desde la familia.<\/p>\n<p>En la presente Administraci\u00f3n municipal encabezada por el Presidente, Alfonso Mart\u00ednez Alc\u00e1zar se reconoce que el Servicio Militar Nacional es una obligaci\u00f3n ciudadana que tiene su sustento legal en el Art\u00edculo 5\u00b0 de la Constituci\u00f3n Pol\u00edtica de los Estados Unidos Mexicanos por lo cual es necesario el difundir y promover que la poblaci\u00f3n cumpla en este caso con sus obligaciones castrenses.<\/p>\n","protected":false},"excerpt":{"rendered":"<p>El Ayuntamiento de Morelia reafirma su compromiso y promoci\u00f3n del civismo en cada uno de sus ciudadanos, al acudir  a la ceremonia de entrega de Cartillas y hojas de liberaci\u00f3n de las personas registradas para el Servicio Militar Nacional clase 1996, <\/p>\n","protected":false},"author":1,"featured_media":20139,"comment_status":"open","ping_status":"open","sticky":false,"template":"","format":"standard","meta":{"footnotes":""},"categories":[14,9],"tags":[],"class_list":["post-20138","post","type-post","status-publish","format-standard","has-post-thumbnail","hentry","category-destacadas","category-morelia"],"_links":{"self":[{"href":"https:\/\/radiowebmx.com\/nota\/wp-json\/wp\/v2\/posts\/20138","targetHints":{"allow":["GET"]}}],"collection":[{"href":"https:\/\/radiowebmx.com\/nota\/wp-json\/wp\/v2\/posts"}],"about":[{"href":"https:\/\/radiowebmx.com\/nota\/wp-json\/wp\/v2\/types\/post"}],"author":[{"embeddable":true,"href":"https:\/\/radiowebmx.com\/nota\/wp-json\/wp\/v2\/users\/1"}],"replies":[{"embeddable":true,"href":"https:\/\/radiowebmx.com\/nota\/wp-json\/wp\/v2\/comments?post=20138"}],"version-history":[{"count":2,"href":"https:\/\/radiowebmx.com\/nota\/wp-json\/wp\/v2\/posts\/20138\/revisions"}],"predecessor-version":[{"id":20141,"href":"https:\/\/radiowebmx.com\/nota\/wp-json\/wp\/v2\/posts\/20138\/revisions\/20141"}],"wp:featuredmedia":[{"embeddable":true,"href":"https:\/\/radiowebmx.com\/nota\/wp-json\/wp\/v2\/media\/20139"}],"wp:attachment":[{"href":"https:\/\/radiowebmx.com\/nota\/wp-json\/wp\/v2\/media?parent=20138"}],"wp:term":[{"taxonomy":"category","embeddable":true,"href":"https:\/\/radiowebmx.com\/nota\/wp-json\/wp\/v2\/categories?post=20138"},{"taxonomy":"post_tag","embeddable":true,"href":"https:\/\/radiowebmx.com\/nota\/wp-json\/wp\/v2\/tags?post=20138"}],"curies":[{"name":"wp","href":"https:\/\/api.w.org\/{rel}","templated":true}]}}