{"id":20135,"date":"2015-12-07T12:34:24","date_gmt":"2015-12-07T18:34:24","guid":{"rendered":"https:\/\/radiowebmx.com\/nota\/?p=20135"},"modified":"2015-12-07T12:34:24","modified_gmt":"2015-12-07T18:34:24","slug":"inaugura-imde-festival-nacional-de-atletismo","status":"publish","type":"post","link":"https:\/\/radiowebmx.com\/nota\/inaugura-imde-festival-nacional-de-atletismo\/","title":{"rendered":"Inaugura IMDE Festival Nacional de Atletismo"},"content":{"rendered":"<p><a href=\"https:\/\/radiowebmx.com\/nota\/wp-content\/uploads\/2015\/12\/690d1def-6f2d-4cb2-9dd5-d9dbbc9e417b.jpg\"><img loading=\"lazy\" decoding=\"async\" class=\"alignleft size-full wp-image-20136\" src=\"https:\/\/radiowebmx.com\/nota\/wp-content\/uploads\/2015\/12\/690d1def-6f2d-4cb2-9dd5-d9dbbc9e417b.jpg\" alt=\"690d1def-6f2d-4cb2-9dd5-d9dbbc9e417b\" width=\"591\" height=\"337\" srcset=\"https:\/\/radiowebmx.com\/nota\/wp-content\/uploads\/2015\/12\/690d1def-6f2d-4cb2-9dd5-d9dbbc9e417b.jpg 591w, https:\/\/radiowebmx.com\/nota\/wp-content\/uploads\/2015\/12\/690d1def-6f2d-4cb2-9dd5-d9dbbc9e417b-300x171.jpg 300w, https:\/\/radiowebmx.com\/nota\/wp-content\/uploads\/2015\/12\/690d1def-6f2d-4cb2-9dd5-d9dbbc9e417b-128x72.jpg 128w\" sizes=\"auto, (max-width: 591px) 100vw, 591px\" \/><\/a>En un acto encabezado por el director general del Instituto Municipal de Cultura F\u00edsica y Deporte (IMDE), Gustavo Ju\u00e1rez Bedolla, se puso en marcha en punto de las 10:30 horas, en el Complejo Deportivo Bicentenario, el Primer Festival Nacional de Invierno de Atletismo, que reuni\u00f3 a m\u00e1s de 200 elementos provenientes de diversos puntos de la Rep\u00fablica Mexicana.<\/p>\n<p>La administraci\u00f3n presidida por \u00a0Alfonso Mart\u00ednez Alc\u00e1zar, Presidente Municipal de Morelia, a trav\u00e9s del IMDE, impulsa la justa deportiva organizada por la Asociaci\u00f3n de Atletismo del Estado de Michoac\u00e1n, en donde se busca potenciar todas las categor\u00edas de la especialidad, desde las j\u00f3venes promesas, hasta adultos mayores.<\/p>\n<p>La competencia se realiza con el objetivo de propiciar un ambiente de sana convivencia deportiva entre los participantes, adem\u00e1s de ser el arranque de la preparaci\u00f3n de los atletas pur\u00e9pechas, rumbo a los diversos eventos que encarar\u00e1n e el 2016, como la Olimpiada Nacional y el Campeonato de Primera Fuerza.<\/p>\n<p>En el acto inaugural se dieron cita: Gustavo Ju\u00e1rez Bedolla, director general del IMDE; el regidor, F\u00e9lix Madrigal Pulido; adem\u00e1s del titular de la Asociaci\u00f3n de Atletismo del Estado de Michoac\u00e1n, Antonio Berrueta Ferrioli.<\/p>\n<p>\u201cNosotros tenemos un compromiso muy especial con el atletismo michoacano, es por eso que impulsamos este tipo de eventos para desarrollar a nuestros deportistas de todas las categor\u00edas, adem\u00e1s de que as\u00ed reafirmamos a Morelia como la Capital Nacional del Atletismo\u201d, asegur\u00f3 el titular del IMDE, Gustavo Ju\u00e1rez Bedolla.<\/p>\n","protected":false},"excerpt":{"rendered":"<p>En un acto encabezado por el director general del IMDE, Gustavo Ju\u00e1rez Bedolla, se puso en marcha en punto de las 10:30 horas, en el Complejo Deportivo Bicentenario, <\/p>\n","protected":false},"author":1,"featured_media":20136,"comment_status":"open","ping_status":"open","sticky":false,"template":"","format":"standard","meta":{"footnotes":""},"categories":[14,9],"tags":[],"class_list":["post-20135","post","type-post","status-publish","format-standard","has-post-thumbnail","hentry","category-destacadas","category-morelia"],"_links":{"self":[{"href":"https:\/\/radiowebmx.com\/nota\/wp-json\/wp\/v2\/posts\/20135","targetHints":{"allow":["GET"]}}],"collection":[{"href":"https:\/\/radiowebmx.com\/nota\/wp-json\/wp\/v2\/posts"}],"about":[{"href":"https:\/\/radiowebmx.com\/nota\/wp-json\/wp\/v2\/types\/post"}],"author":[{"embeddable":true,"href":"https:\/\/radiowebmx.com\/nota\/wp-json\/wp\/v2\/users\/1"}],"replies":[{"embeddable":true,"href":"https:\/\/radiowebmx.com\/nota\/wp-json\/wp\/v2\/comments?post=20135"}],"version-history":[{"count":1,"href":"https:\/\/radiowebmx.com\/nota\/wp-json\/wp\/v2\/posts\/20135\/revisions"}],"predecessor-version":[{"id":20137,"href":"https:\/\/radiowebmx.com\/nota\/wp-json\/wp\/v2\/posts\/20135\/revisions\/20137"}],"wp:featuredmedia":[{"embeddable":true,"href":"https:\/\/radiowebmx.com\/nota\/wp-json\/wp\/v2\/media\/20136"}],"wp:attachment":[{"href":"https:\/\/radiowebmx.com\/nota\/wp-json\/wp\/v2\/media?parent=20135"}],"wp:term":[{"taxonomy":"category","embeddable":true,"href":"https:\/\/radiowebmx.com\/nota\/wp-json\/wp\/v2\/categories?post=20135"},{"taxonomy":"post_tag","embeddable":true,"href":"https:\/\/radiowebmx.com\/nota\/wp-json\/wp\/v2\/tags?post=20135"}],"curies":[{"name":"wp","href":"https:\/\/api.w.org\/{rel}","templated":true}]}}