{"id":20129,"date":"2015-12-07T12:28:37","date_gmt":"2015-12-07T18:28:37","guid":{"rendered":"https:\/\/radiowebmx.com\/nota\/?p=20129"},"modified":"2015-12-07T12:28:37","modified_gmt":"2015-12-07T18:28:37","slug":"ayuntamiento-de-morelia-informa-fechas-para-la-entrega-de-cartillas-militares","status":"publish","type":"post","link":"https:\/\/radiowebmx.com\/nota\/ayuntamiento-de-morelia-informa-fechas-para-la-entrega-de-cartillas-militares\/","title":{"rendered":"Ayuntamiento de Morelia informa fechas para la entrega de Cartillas Militares"},"content":{"rendered":"<p><a href=\"https:\/\/radiowebmx.com\/nota\/wp-content\/uploads\/2015\/12\/b9a62608-9e24-48ac-abda-875f6204f90d.jpg\"><img loading=\"lazy\" decoding=\"async\" class=\"alignleft size-full wp-image-20130\" src=\"https:\/\/radiowebmx.com\/nota\/wp-content\/uploads\/2015\/12\/b9a62608-9e24-48ac-abda-875f6204f90d.jpg\" alt=\"b9a62608-9e24-48ac-abda-875f6204f90d\" width=\"591\" height=\"384\" srcset=\"https:\/\/radiowebmx.com\/nota\/wp-content\/uploads\/2015\/12\/b9a62608-9e24-48ac-abda-875f6204f90d.jpg 591w, https:\/\/radiowebmx.com\/nota\/wp-content\/uploads\/2015\/12\/b9a62608-9e24-48ac-abda-875f6204f90d-300x195.jpg 300w\" sizes=\"auto, (max-width: 591px) 100vw, 591px\" \/><\/a>El Ayuntamiento de Morelia a trav\u00e9s de la Junta Municipal de Reclutamiento local que encabeza Porfirio Liborio Rojas, anunci\u00f3 la reapertura de tr\u00e1mites para la entrega \u00a0de cartillas y hojas de liberaci\u00f3n.<\/p>\n<p>En coordinaci\u00f3n con las fuerzas castrenses, la Administraci\u00f3n municipal inform\u00f3 que el personal del Servicio Militar Nacional clase 1996, anticipados y remisos podr\u00e1 recibir su cartilla de identidad militar y hoja de liberaci\u00f3n, para lo cual deber\u00e1 presentarse en las instalaciones de 12\u00b0 Batall\u00f3n de Infanter\u00eda ubicadas en la calle Olivares de Tzintzuntzan s\/n, Colonia Vasco de Quiroga de esta ciudad los d\u00edas 5, 6, 12, 13, 19, 20, 26 y 27 de diciembre en horarios de 8 a 13 horas.<\/p>\n<p>Asimismo, Liborio Rojas record\u00f3 que ser\u00e1 necesaria la siguiente documentaci\u00f3n: el original del recibo de cartilla y una identificaci\u00f3n oficial, tr\u00e1mite que deber\u00e1 ser realizado de manera personal y no por conducto de terceras personas.<\/p>\n","protected":false},"excerpt":{"rendered":"<p>El Ayuntamiento de Morelia a trav\u00e9s de la Junta Municipal de Reclutamiento local que encabeza Porfirio Liborio Rojas, anunci\u00f3 la reapertura de tr\u00e1mites para la entrega  de cartillas y hojas de liberaci\u00f3n.<\/p>\n","protected":false},"author":1,"featured_media":20130,"comment_status":"open","ping_status":"open","sticky":false,"template":"","format":"standard","meta":{"footnotes":""},"categories":[14,9],"tags":[],"class_list":["post-20129","post","type-post","status-publish","format-standard","has-post-thumbnail","hentry","category-destacadas","category-morelia"],"_links":{"self":[{"href":"https:\/\/radiowebmx.com\/nota\/wp-json\/wp\/v2\/posts\/20129","targetHints":{"allow":["GET"]}}],"collection":[{"href":"https:\/\/radiowebmx.com\/nota\/wp-json\/wp\/v2\/posts"}],"about":[{"href":"https:\/\/radiowebmx.com\/nota\/wp-json\/wp\/v2\/types\/post"}],"author":[{"embeddable":true,"href":"https:\/\/radiowebmx.com\/nota\/wp-json\/wp\/v2\/users\/1"}],"replies":[{"embeddable":true,"href":"https:\/\/radiowebmx.com\/nota\/wp-json\/wp\/v2\/comments?post=20129"}],"version-history":[{"count":1,"href":"https:\/\/radiowebmx.com\/nota\/wp-json\/wp\/v2\/posts\/20129\/revisions"}],"predecessor-version":[{"id":20131,"href":"https:\/\/radiowebmx.com\/nota\/wp-json\/wp\/v2\/posts\/20129\/revisions\/20131"}],"wp:featuredmedia":[{"embeddable":true,"href":"https:\/\/radiowebmx.com\/nota\/wp-json\/wp\/v2\/media\/20130"}],"wp:attachment":[{"href":"https:\/\/radiowebmx.com\/nota\/wp-json\/wp\/v2\/media?parent=20129"}],"wp:term":[{"taxonomy":"category","embeddable":true,"href":"https:\/\/radiowebmx.com\/nota\/wp-json\/wp\/v2\/categories?post=20129"},{"taxonomy":"post_tag","embeddable":true,"href":"https:\/\/radiowebmx.com\/nota\/wp-json\/wp\/v2\/tags?post=20129"}],"curies":[{"name":"wp","href":"https:\/\/api.w.org\/{rel}","templated":true}]}}