{"id":20119,"date":"2015-12-07T12:13:45","date_gmt":"2015-12-07T18:13:45","guid":{"rendered":"https:\/\/radiowebmx.com\/nota\/?p=20119"},"modified":"2015-12-07T12:20:12","modified_gmt":"2015-12-07T18:20:12","slug":"ayuntamiento-viste-calles-de-morelia-para-fiestas-decembrinas","status":"publish","type":"post","link":"https:\/\/radiowebmx.com\/nota\/ayuntamiento-viste-calles-de-morelia-para-fiestas-decembrinas\/","title":{"rendered":"Ayuntamiento viste calles de Morelia para fiestas decembrinas"},"content":{"rendered":"<p><a href=\"https:\/\/radiowebmx.com\/nota\/wp-content\/uploads\/2015\/12\/943978d3-4e60-49de-ae55-b5f58fc9bafa.jpg\"><img loading=\"lazy\" decoding=\"async\" class=\"alignleft size-full wp-image-20122\" src=\"https:\/\/radiowebmx.com\/nota\/wp-content\/uploads\/2015\/12\/943978d3-4e60-49de-ae55-b5f58fc9bafa.jpg\" alt=\"943978d3-4e60-49de-ae55-b5f58fc9bafa\" width=\"591\" height=\"332\" srcset=\"https:\/\/radiowebmx.com\/nota\/wp-content\/uploads\/2015\/12\/943978d3-4e60-49de-ae55-b5f58fc9bafa.jpg 591w, https:\/\/radiowebmx.com\/nota\/wp-content\/uploads\/2015\/12\/943978d3-4e60-49de-ae55-b5f58fc9bafa-300x169.jpg 300w, https:\/\/radiowebmx.com\/nota\/wp-content\/uploads\/2015\/12\/943978d3-4e60-49de-ae55-b5f58fc9bafa-128x72.jpg 128w\" sizes=\"auto, (max-width: 591px) 100vw, 591px\" \/><\/a>Con el objetivo de iluminar las principales calles del Centro de la Ciudad y darle el toque navide\u00f1o a las plazas de Morelia, la Secretar\u00eda del Servicios P\u00fablicos a trav\u00e9s de la Direcci\u00f3n de Alumbrado comenz\u00f3 a colocar los aditamentos para que la Ciudad de la Cantera Rosa destaque su belleza arquitect\u00f3nica durante la temporada decembrinas.<\/p>\n<p>En este sentido, el secretario de Servicios P\u00fablicos, Jos\u00e9 Luis Gil V\u00e1zquez, asegur\u00f3 que por instrucciones del Presidente Municipal, Alfonso Mart\u00ednez Alc\u00e1zar se vestir\u00e1 a la ciudad de colores para recibir las fiestas de esta temporada, esto con el objetivo de brindarles a los morelianos una imagen llena de color.<\/p>\n<p>Por ello, la Direcci\u00f3n de Alumbrado P\u00fablico instal\u00f3 en los troncos ubicados en los \u00e1rboles de la Plaza de Armas, luces de mangueras que dar\u00e1n un toque especial a la plaza principal de la ciudad.<\/p>\n<p>Gil V\u00e1zquez, coment\u00f3 que durante los siguientes d\u00edas en la cerrada de San Agust\u00edn se colocar\u00e1 una cascada de luces. De igual forma, para seguir d\u00e1ndole el toque navide\u00f1o a Morelia, a lo largo de la Avenida Madero se colocaron los pasa calles que visten la Antigua Calle Real de luces y color.<\/p>\n<p>Asimismo, las figuras con las leyendas de Feliz Navidad y Prospero A\u00f1o Nuevo fueron colocadas a la altura de las Tarascas, justo en donde comienza el emblem\u00e1tico Acueducto de la ciudad.<\/p>\n<p>Mientras que en el Plaza Benito Ju\u00e1rez, ya est\u00e1 instalado el nacimiento de tama\u00f1o real que cuenta con 46 figuras de material reciclable. Cabe hacer menci\u00f3n que la mayor\u00eda de los materiales que se utilizaron son rehabilitados y otros m\u00e1s reciclados.<\/p>\n","protected":false},"excerpt":{"rendered":"<p>Con el objetivo de iluminar las principales calles del Centro de la Ciudad y darle el toque navide\u00f1o a las plazas de Morelia,<\/p>\n","protected":false},"author":1,"featured_media":20122,"comment_status":"open","ping_status":"open","sticky":false,"template":"","format":"standard","meta":{"footnotes":""},"categories":[14,9],"tags":[],"class_list":["post-20119","post","type-post","status-publish","format-standard","has-post-thumbnail","hentry","category-destacadas","category-morelia"],"_links":{"self":[{"href":"https:\/\/radiowebmx.com\/nota\/wp-json\/wp\/v2\/posts\/20119","targetHints":{"allow":["GET"]}}],"collection":[{"href":"https:\/\/radiowebmx.com\/nota\/wp-json\/wp\/v2\/posts"}],"about":[{"href":"https:\/\/radiowebmx.com\/nota\/wp-json\/wp\/v2\/types\/post"}],"author":[{"embeddable":true,"href":"https:\/\/radiowebmx.com\/nota\/wp-json\/wp\/v2\/users\/1"}],"replies":[{"embeddable":true,"href":"https:\/\/radiowebmx.com\/nota\/wp-json\/wp\/v2\/comments?post=20119"}],"version-history":[{"count":3,"href":"https:\/\/radiowebmx.com\/nota\/wp-json\/wp\/v2\/posts\/20119\/revisions"}],"predecessor-version":[{"id":20124,"href":"https:\/\/radiowebmx.com\/nota\/wp-json\/wp\/v2\/posts\/20119\/revisions\/20124"}],"wp:featuredmedia":[{"embeddable":true,"href":"https:\/\/radiowebmx.com\/nota\/wp-json\/wp\/v2\/media\/20122"}],"wp:attachment":[{"href":"https:\/\/radiowebmx.com\/nota\/wp-json\/wp\/v2\/media?parent=20119"}],"wp:term":[{"taxonomy":"category","embeddable":true,"href":"https:\/\/radiowebmx.com\/nota\/wp-json\/wp\/v2\/categories?post=20119"},{"taxonomy":"post_tag","embeddable":true,"href":"https:\/\/radiowebmx.com\/nota\/wp-json\/wp\/v2\/tags?post=20119"}],"curies":[{"name":"wp","href":"https:\/\/api.w.org\/{rel}","templated":true}]}}