{"id":20113,"date":"2015-12-04T13:43:27","date_gmt":"2015-12-04T19:43:27","guid":{"rendered":"https:\/\/radiowebmx.com\/nota\/?p=20113"},"modified":"2015-12-04T13:43:27","modified_gmt":"2015-12-04T19:43:27","slug":"coneval-otorga-reconocimiento-a-la-conafor","status":"publish","type":"post","link":"https:\/\/radiowebmx.com\/nota\/coneval-otorga-reconocimiento-a-la-conafor\/","title":{"rendered":"CONEVAL otorga reconocimiento a la CONAFOR"},"content":{"rendered":"<p>La CONAFOR (Comisi\u00f3n Nacional Forestal) recibe un reconocimiento del CONEVAL (Consejo Nacional de Evaluaci\u00f3n de la Pol\u00edtica de Desarrollo Social) a las Buenas Pr\u00e1cticas en el uso de los resultados de monitoreo y evaluaci\u00f3n en el ciclo de las pol\u00edticas p\u00fablicas, con motivo de la \u201cIntegraci\u00f3n de un grupo multidisciplinario para el dise\u00f1o de la evaluaci\u00f3n de impacto de pago por servicios ambientales\u201d.<\/p>\n<p>\u00b7\u00a0\u00a0\u00a0\u00a0\u00a0\u00a0\u00a0\u00a0 CONEVAL anualmente otorga un reconocimiento que busca difundir las pr\u00e1cticas que reflejan un esfuerzo adicional a lo que establece la normatividad en materia evaluaci\u00f3n de programas sociales.<\/p>\n<p><i>\u00a0<\/i><\/p>\n<p class=\"ecxMsoNormal\">La CONAFOR realiz\u00f3 en 2015 el dise\u00f1o de una evaluaci\u00f3n de impacto del programa de Pago por Servicios Ambientales (PSA) el cual es uno de los que aportan a las pol\u00edticas fde desarrollo social, forestal\u00a0 y ambiental en el pa\u00eds.<\/p>\n<p class=\"ecxMsoNormal\">El proyecto de evaluaci\u00f3n actualmente en marcha se caracteriza por:<\/p>\n<p>\u2212\u00a0\u00a0\u00a0\u00a0\u00a0\u00a0\u00a0\u00a0 Dar inicio con la participaci\u00f3n de la CONAFOR en el taller de \u201cIncubadoras de Evaluaci\u00f3n de Impacto de programas sociales\u201d que organiz\u00f3 el CONEVAL en 2014. En este evento se present\u00f3 la iniciativa para llevar a cabo dicha evaluaci\u00f3n.<\/p>\n<p class=\"ecxMsoNormal\">\n<p>\u2212\u00a0\u00a0\u00a0\u00a0\u00a0\u00a0\u00a0\u00a0 Presentar al Banco Mundial, quien a trav\u00e9s de un proceso competitivo que lleva a cabo la iniciativa \u201cImpact Evaluation to Development Impact\u201d(i2i), determin\u00f3 otorgar apoyo t\u00e9cnico a la CONAFOR para el dise\u00f1o y desarrollo de la evaluaci\u00f3n.<\/p>\n<p class=\"ecxMsoNormal\">\n<p>\u2212\u00a0\u00a0\u00a0\u00a0\u00a0\u00a0\u00a0\u00a0 Se integr\u00f3 un grupo de trabajo multidisciplinario, conformado por especialistas reconocidos a nivel mundial en evaluaciones de impacto de programas de PSA, que incluyen a la Dra. Jennifer Alix-Garc\u00eda de la Universidad de Wisconsin, la Dra. Katherine Sims del Amherst College, el Dr. Stefano Pagiola, la M.C. Laura Costica, y el Mtro. V\u00edctor Orozco, especialistas en evaluaciones de impacto del Banco Mundial, as\u00ed como, personal de la CONAFOR.<\/p>\n<p>&nbsp;<\/p>\n<p>\u2212\u00a0\u00a0\u00a0\u00a0\u00a0\u00a0\u00a0\u00a0 La integraci\u00f3n de este grupo asegura el cumplimiento de est\u00e1ndares de clase mundial y la rigurosidad t\u00e9cnica en materia de evaluaciones de impacto.<\/p>\n<p class=\"ecxMsoNormal\">\n<p class=\"ecxMsoNormal\">En el contexto mundial, en general existe escasez de estudios rigurosos de impacto y menos a\u00fan en materia de pago por servicios ambientales, motivo por el cual, la evaluaci\u00f3n de impacto que desarrolla actualmente la CONAFOR constituye un referente y adquiere una alta relevancia, tanto dentro, como fuera del pa\u00eds.<\/p>\n<p class=\"ecxMsoNormal\">Con estas acciones la CONAFOR consolida su sistema de monitoreo y evaluaci\u00f3n, con el prop\u00f3sito de mejorar la toma de decisiones p\u00fablicas, a mejorar la pertinencia, la gesti\u00f3n y la medici\u00f3n de los resultados de la aplicaci\u00f3n de programas p\u00fablicos, lo cual tambi\u00e9n contribuye a una mejor rendici\u00f3n de cuentas.<\/p>\n","protected":false},"excerpt":{"rendered":"<p>  La CONAFOR  recibe un reconocimiento del CONEVAL  a las Buenas Pr\u00e1cticas en el uso de los resultados de monitoreo y evaluaci\u00f3n en el ciclo de las pol\u00edticas p\u00fablicas, <\/p>\n","protected":false},"author":1,"featured_media":20114,"comment_status":"open","ping_status":"open","sticky":false,"template":"","format":"standard","meta":{"footnotes":""},"categories":[14,3],"tags":[],"class_list":["post-20113","post","type-post","status-publish","format-standard","has-post-thumbnail","hentry","category-destacadas","category-gobierno-del-estado-de-michoacan"],"_links":{"self":[{"href":"https:\/\/radiowebmx.com\/nota\/wp-json\/wp\/v2\/posts\/20113","targetHints":{"allow":["GET"]}}],"collection":[{"href":"https:\/\/radiowebmx.com\/nota\/wp-json\/wp\/v2\/posts"}],"about":[{"href":"https:\/\/radiowebmx.com\/nota\/wp-json\/wp\/v2\/types\/post"}],"author":[{"embeddable":true,"href":"https:\/\/radiowebmx.com\/nota\/wp-json\/wp\/v2\/users\/1"}],"replies":[{"embeddable":true,"href":"https:\/\/radiowebmx.com\/nota\/wp-json\/wp\/v2\/comments?post=20113"}],"version-history":[{"count":1,"href":"https:\/\/radiowebmx.com\/nota\/wp-json\/wp\/v2\/posts\/20113\/revisions"}],"predecessor-version":[{"id":20115,"href":"https:\/\/radiowebmx.com\/nota\/wp-json\/wp\/v2\/posts\/20113\/revisions\/20115"}],"wp:featuredmedia":[{"embeddable":true,"href":"https:\/\/radiowebmx.com\/nota\/wp-json\/wp\/v2\/media\/20114"}],"wp:attachment":[{"href":"https:\/\/radiowebmx.com\/nota\/wp-json\/wp\/v2\/media?parent=20113"}],"wp:term":[{"taxonomy":"category","embeddable":true,"href":"https:\/\/radiowebmx.com\/nota\/wp-json\/wp\/v2\/categories?post=20113"},{"taxonomy":"post_tag","embeddable":true,"href":"https:\/\/radiowebmx.com\/nota\/wp-json\/wp\/v2\/tags?post=20113"}],"curies":[{"name":"wp","href":"https:\/\/api.w.org\/{rel}","templated":true}]}}