{"id":20110,"date":"2015-12-04T11:39:30","date_gmt":"2015-12-04T17:39:30","guid":{"rendered":"https:\/\/radiowebmx.com\/nota\/?p=20110"},"modified":"2015-12-04T11:39:30","modified_gmt":"2015-12-04T17:39:30","slug":"ayuntamiento-pone-en-marcha-programa-de-mejora-y-fortalecimiento-del-comercio-para-fiestas-guadalupanas","status":"publish","type":"post","link":"https:\/\/radiowebmx.com\/nota\/ayuntamiento-pone-en-marcha-programa-de-mejora-y-fortalecimiento-del-comercio-para-fiestas-guadalupanas\/","title":{"rendered":"Ayuntamiento pone en marcha Programa de Mejora y Fortalecimiento del Comercio para Fiestas Guadalupanas"},"content":{"rendered":"<p><a href=\"https:\/\/radiowebmx.com\/nota\/wp-content\/uploads\/2015\/12\/889f3d80-a82c-4cec-b316-218060588cac.jpg\"><img loading=\"lazy\" decoding=\"async\" class=\"alignleft size-full wp-image-20111\" src=\"https:\/\/radiowebmx.com\/nota\/wp-content\/uploads\/2015\/12\/889f3d80-a82c-4cec-b316-218060588cac.jpg\" alt=\"889f3d80-a82c-4cec-b316-218060588cac\" width=\"591\" height=\"344\" srcset=\"https:\/\/radiowebmx.com\/nota\/wp-content\/uploads\/2015\/12\/889f3d80-a82c-4cec-b316-218060588cac.jpg 591w, https:\/\/radiowebmx.com\/nota\/wp-content\/uploads\/2015\/12\/889f3d80-a82c-4cec-b316-218060588cac-300x175.jpg 300w\" sizes=\"auto, (max-width: 591px) 100vw, 591px\" \/><\/a>El Ayuntamiento de Morelia arranc\u00f3\u00a0 el Programa de Mejora y Fortalecimiento del Comercio para las Fiestas Guadalupanas, en el cual se recibi\u00f3 de la Uni\u00f3n de Comerciantes Francisco J. M\u00fagica, 80 botes de basura, 25 extintores y 15\u00a0 mamparas con el prop\u00f3sito de mejorar las acciones de limpieza en el lugar.<\/p>\n<p>La Secretar\u00eda de Servicios P\u00fablicos con representaci\u00f3n de la Direcci\u00f3n de Mercados y Comercio en la V\u00eda P\u00fablica en voz de su titular, Iv\u00e1n Rodr\u00edguez Medina resalt\u00f3 que se trata de un trabajo coordinado y enfocado para trabajar con eventos culturales y fortalecer la venta de los 545 oferentes que aproximadamente estar\u00e1n en toda esta \u00a0temporada en las inmediaciones del Santuario de Guadalupe.<\/p>\n<p>Reconoci\u00f3 la labor que se dio gracias a la organizaci\u00f3n ciudadana para mantener limpia y ordenada la zona centro de la capital michoacana,\u00a0en el marco de las festividades religiosas.<\/p>\n<p>En su oportunidad, el coordinador del Centro Hist\u00f3rico, Gaspar Hern\u00e1ndez Razo, exhort\u00f3 a toda la poblaci\u00f3n a contribuir con la limpieza y cuidado de los monumentos hist\u00f3ricos, al resaltar que se trata de una conmemoraci\u00f3n que es de todos por la tanto la corresponsabilidad debe ser igual.<\/p>\n<p>\u201cQue todos los ciudadanos pongan de su parte, tambi\u00e9n van a estar los anuncios record\u00e1ndoles que toda la basura debe ser colocada en el lugar que le corresponde\u201d.<\/p>\n<p>Hern\u00e1ndez Razo afirm\u00f3 que como autoridades municipales \u00a0dejar\u00e1n las calles limpias y todas las \u00e1reas en las que se realiza esta festividad en la que se re\u00fanen miles de feligreses anualmente desde temprana hora hasta entrada la noche.<\/p>\n","protected":false},"excerpt":{"rendered":"<p>El Ayuntamiento de Morelia arranc\u00f3  el Programa de Mejora y Fortalecimiento del Comercio para las Fiestas Guadalupanas, <\/p>\n","protected":false},"author":1,"featured_media":20111,"comment_status":"open","ping_status":"open","sticky":false,"template":"","format":"standard","meta":{"footnotes":""},"categories":[14,9],"tags":[],"class_list":["post-20110","post","type-post","status-publish","format-standard","has-post-thumbnail","hentry","category-destacadas","category-morelia"],"_links":{"self":[{"href":"https:\/\/radiowebmx.com\/nota\/wp-json\/wp\/v2\/posts\/20110","targetHints":{"allow":["GET"]}}],"collection":[{"href":"https:\/\/radiowebmx.com\/nota\/wp-json\/wp\/v2\/posts"}],"about":[{"href":"https:\/\/radiowebmx.com\/nota\/wp-json\/wp\/v2\/types\/post"}],"author":[{"embeddable":true,"href":"https:\/\/radiowebmx.com\/nota\/wp-json\/wp\/v2\/users\/1"}],"replies":[{"embeddable":true,"href":"https:\/\/radiowebmx.com\/nota\/wp-json\/wp\/v2\/comments?post=20110"}],"version-history":[{"count":1,"href":"https:\/\/radiowebmx.com\/nota\/wp-json\/wp\/v2\/posts\/20110\/revisions"}],"predecessor-version":[{"id":20112,"href":"https:\/\/radiowebmx.com\/nota\/wp-json\/wp\/v2\/posts\/20110\/revisions\/20112"}],"wp:featuredmedia":[{"embeddable":true,"href":"https:\/\/radiowebmx.com\/nota\/wp-json\/wp\/v2\/media\/20111"}],"wp:attachment":[{"href":"https:\/\/radiowebmx.com\/nota\/wp-json\/wp\/v2\/media?parent=20110"}],"wp:term":[{"taxonomy":"category","embeddable":true,"href":"https:\/\/radiowebmx.com\/nota\/wp-json\/wp\/v2\/categories?post=20110"},{"taxonomy":"post_tag","embeddable":true,"href":"https:\/\/radiowebmx.com\/nota\/wp-json\/wp\/v2\/tags?post=20110"}],"curies":[{"name":"wp","href":"https:\/\/api.w.org\/{rel}","templated":true}]}}