{"id":201,"date":"2012-11-12T12:26:20","date_gmt":"2012-11-12T18:26:20","guid":{"rendered":"https:\/\/radiowebmx.com\/nota\/?p=201"},"modified":"2012-11-12T12:26:20","modified_gmt":"2012-11-12T18:26:20","slug":"refrenda-gobierno-michoacan-y-estado-de-mexico-convenio-de-proteccion-de-la-biosfera-de-la-mariposa-monarca","status":"publish","type":"post","link":"https:\/\/radiowebmx.com\/nota\/refrenda-gobierno-michoacan-y-estado-de-mexico-convenio-de-proteccion-de-la-biosfera-de-la-mariposa-monarca\/","title":{"rendered":"Refrenda Gobierno Michoac\u00e1n y Estado de M\u00e9xico, convenio de protecci\u00f3n de la Biosfera de la Mariposa Monarca"},"content":{"rendered":"<p><img loading=\"lazy\" decoding=\"async\" class=\"alignleft\" src=\"http:\/\/img844.imageshack.us\/img844\/3765\/dsc1523w.jpg\" alt=\"\" width=\"591\" height=\"307\" \/>Los gobernadores Fausto Vallejo Figueroa y Eruviel \u00c1vila Villegas, de Michoac\u00e1n y del Estado de M\u00e9xico respectivamente, refrendaron el convenio entre ambas entidades federativas en materia de protecci\u00f3n a la Mariposa Monarca. Asimismo, se hizo entrega de un cheque por 3 millones de pesos, como aportaci\u00f3n al Fondo Mexicano para la Conservaci\u00f3n de la Naturaleza.<\/p>\n<p>En su intervenci\u00f3n Vallejo Figueroa al suscribir el convenio de Coordinaci\u00f3n por el que se ratifica la Comisi\u00f3n M\u00e9xico-Michoac\u00e1n para la Reserva de la Biosfera de la Mariposa Monarca, se\u00f1al\u00f3 que se dar\u00e1 seguimiento a los trabajos que se realizan de manera anual, sobre todo en \u00e1reas naturales protegidas, donde se llevan a cabo acciones de conservaci\u00f3n protecci\u00f3n restauraci\u00f3n inspecci\u00f3n y vigilancia.<\/p>\n<p>\u201cEn el Gobierno de Michoac\u00e1n tenemos como una de nuestras prioridades el cuidado de la naturaleza, prueba de ello es que dentro del Plan de Desarrollo Integral 2012-2015, promovemos la conservaci\u00f3n y el uso sustentable del patrimonio natural de la Entidad\u201d.<\/p>\n<p>Vallejo Figueroa indic\u00f3 que la integraci\u00f3n del Consejo Ciudadano de Protecci\u00f3n y Bienestar Animal\u00a0 y la Creaci\u00f3n de la Subprocuradur\u00eda de Protecci\u00f3n a la Fauna, fortalecer\u00e1 el trabajo especializado para dar protecci\u00f3n a la especie end\u00e9mica en su cobertura estatal.<\/p>\n<p>Se\u00f1al\u00f3 que la Biosfera de la Mariposa Monarca, fue declarada en 2008 por la UNESCO como patrimonio de la humanidad y representa un orgullo para todos los mexicanos, pero fundamentalmente para los \u00a0michoacanos y mexiquenses.<\/p>\n<p>\u201cEste patrimonio universal no pertenece s\u00f3lo a un pa\u00eds, a una regi\u00f3n o alg\u00fan grupo, por eso, todas y todos estamos obligados a trabajar para preservar su existencia, que forma parte del extraordinario prodigio de la naturaleza que debemos cuidar y proteger. Indic\u00f3 el mandatario estatal.<\/p>\n<p>Por su parte el Gobernador del Estado de M\u00e9xico, Eruviel \u00c1vila Villegas, agradeci\u00f3 al Gobernador de Michoac\u00e1n el apoyo y el compromiso\u00a0 que ha mostrado en los trabajos de protecci\u00f3n de la Bi\u00f3sfera de la Mariposa Monarca.<\/p>\n<p>\u201cEste d\u00eda es de suma importancia para ambas entidades federativas, ya que hacemos entrega de recursos por el orden de los 3 millones de pesos que permitir\u00e1n fortalecer los trabajos de protecci\u00f3n del Fondo Mexicano para la Conservaci\u00f3n de La Biosfera de la Mariposa Monarca.<\/p>\n<p>\u201cEl fondo brinda apoyos econ\u00f3micos a las comunidades a cambio de la protecci\u00f3n de sus bosques, a trav\u00e9s de actividades de vigilancia y conservaci\u00f3n de suelo de la Biosfera. Acciones como \u00e9stas nos permiten trabajar en la protecci\u00f3n de la mariposa monarca\u201d.<\/p>\n<p>Durante el acto tambi\u00e9n se hizo entrega del nombramiento a Dolores Ayala Nieto, como embajadora de la Mariposa Monarca, reconocimiento que agradeci\u00f3 e invit\u00f3 a los presentes y a ambas entidades federativas a seguir trabajando como lo han hecho hasta el momento en favor de la Biosfera de la Mariposa Monarca.<\/p>\n<p>\u201cRecibir este nombramiento es un orgullo y me compromete a trabajar tanto con los gobiernos y la sociedad en beneficio de la mariposa monarca, el cuidado los bosques, permitiendo que cada a\u00f1o estas tierras tanto del Estado de M\u00e9xico como de Michoac\u00e1n se conviertan en el hogar de este insecto que cada a\u00f1o vuela desde Canad\u00e1 a tierras mexicanas, permiti\u00e9ndonos disfrutar de este hermoso paisaje de la naturaleza\u201d.<\/p>\n<p>En el acto estuvieron presentes tanto funcionarios estatales de Michoac\u00e1n como del Estado de M\u00e9xico, diputados locales, as\u00ed como sociedad que trabaja en el cuidado y protecci\u00f3n de la Biosfera de la Mariposa Monarca.<\/p>\n","protected":false},"excerpt":{"rendered":"<p>Los gobernadores Fausto Vallejo Figueroa y Eruviel \u00c1vila Villegas, de Michoac\u00e1n y del Estado de M\u00e9xico respectivamente, refrendaron el convenio entre ambas entidades federativas en materia de protecci\u00f3n a la Mariposa Monarca. Asimismo, se hizo entrega de un cheque por 3 millones de pesos, como aportaci\u00f3n al Fondo Mexicano para la Conservaci\u00f3n de la Naturaleza. [&hellip;]<\/p>\n","protected":false},"author":1,"featured_media":0,"comment_status":"open","ping_status":"open","sticky":false,"template":"","format":"standard","meta":{"footnotes":""},"categories":[3],"tags":[],"class_list":["post-201","post","type-post","status-publish","format-standard","hentry","category-gobierno-del-estado-de-michoacan"],"_links":{"self":[{"href":"https:\/\/radiowebmx.com\/nota\/wp-json\/wp\/v2\/posts\/201","targetHints":{"allow":["GET"]}}],"collection":[{"href":"https:\/\/radiowebmx.com\/nota\/wp-json\/wp\/v2\/posts"}],"about":[{"href":"https:\/\/radiowebmx.com\/nota\/wp-json\/wp\/v2\/types\/post"}],"author":[{"embeddable":true,"href":"https:\/\/radiowebmx.com\/nota\/wp-json\/wp\/v2\/users\/1"}],"replies":[{"embeddable":true,"href":"https:\/\/radiowebmx.com\/nota\/wp-json\/wp\/v2\/comments?post=201"}],"version-history":[{"count":1,"href":"https:\/\/radiowebmx.com\/nota\/wp-json\/wp\/v2\/posts\/201\/revisions"}],"predecessor-version":[{"id":202,"href":"https:\/\/radiowebmx.com\/nota\/wp-json\/wp\/v2\/posts\/201\/revisions\/202"}],"wp:attachment":[{"href":"https:\/\/radiowebmx.com\/nota\/wp-json\/wp\/v2\/media?parent=201"}],"wp:term":[{"taxonomy":"category","embeddable":true,"href":"https:\/\/radiowebmx.com\/nota\/wp-json\/wp\/v2\/categories?post=201"},{"taxonomy":"post_tag","embeddable":true,"href":"https:\/\/radiowebmx.com\/nota\/wp-json\/wp\/v2\/tags?post=201"}],"curies":[{"name":"wp","href":"https:\/\/api.w.org\/{rel}","templated":true}]}}