{"id":20098,"date":"2015-12-04T11:23:22","date_gmt":"2015-12-04T17:23:22","guid":{"rendered":"https:\/\/radiowebmx.com\/nota\/?p=20098"},"modified":"2015-12-04T11:23:22","modified_gmt":"2015-12-04T17:23:22","slug":"con-diversas-actividades-conmemora-imde-el-dia-internacional-de-la-discapacidad","status":"publish","type":"post","link":"https:\/\/radiowebmx.com\/nota\/con-diversas-actividades-conmemora-imde-el-dia-internacional-de-la-discapacidad\/","title":{"rendered":"Con diversas actividades, conmemora IMDE el D\u00eda Internacional de la Discapacidad"},"content":{"rendered":"<p><a href=\"https:\/\/radiowebmx.com\/nota\/wp-content\/uploads\/2015\/12\/55325fda-6850-4185-a61c-58d54f5f38b7.jpg\"><img loading=\"lazy\" decoding=\"async\" class=\"alignleft size-full wp-image-20099\" src=\"https:\/\/radiowebmx.com\/nota\/wp-content\/uploads\/2015\/12\/55325fda-6850-4185-a61c-58d54f5f38b7.jpg\" alt=\"55325fda-6850-4185-a61c-58d54f5f38b7\" width=\"591\" height=\"338\" srcset=\"https:\/\/radiowebmx.com\/nota\/wp-content\/uploads\/2015\/12\/55325fda-6850-4185-a61c-58d54f5f38b7.jpg 591w, https:\/\/radiowebmx.com\/nota\/wp-content\/uploads\/2015\/12\/55325fda-6850-4185-a61c-58d54f5f38b7-300x172.jpg 300w, https:\/\/radiowebmx.com\/nota\/wp-content\/uploads\/2015\/12\/55325fda-6850-4185-a61c-58d54f5f38b7-128x72.jpg 128w\" sizes=\"auto, (max-width: 591px) 100vw, 591px\" \/><\/a>En el marco del D\u00eda Internacional de la Discapacidad, el Instituto Municipal de Cultura F\u00edsica y Deporte (IMDE), desarroll\u00f3 una serie de actividades f\u00edsicas con personas con discapacidad y contribuir as\u00ed a la integraci\u00f3n social, en las instalaciones de la unidad deportiva Morelos-Indeco.<\/p>\n<p>El ayuntamiento de Morelia, liderado por el Alcalde, Alfonso Mart\u00ednez Alc\u00e1zar, por medio del IMDE y su director general, Gustavo Ju\u00e1rez Bedolla, genera este tipo de acciones, con la intenci\u00f3n de generar la inclusi\u00f3n de toda la sociedad a trav\u00e9s del deporte y la activaci\u00f3n f\u00edsica.<\/p>\n<p>La Organizaci\u00f3n de las Naciones Unidas (ONU), proclam\u00f3, en el a\u00f1o de 1992, el 3 de diciembre como el D\u00eda Internacional de la Discapacidad, con el objetivo de sensibilizar a la opini\u00f3n p\u00fablica sobre las cuestiones relacionadas con la discapacidad y movilizar el apoyo a la dignidad, los derechos y el bienestar de las personas con esta condici\u00f3n.<\/p>\n<p>Por tal motivo, el IMDE decidi\u00f3 conmemorar este d\u00eda con diversos tipos de actividades, como una clase de matrogimnasia, un circuito de actividades deportivas, una galer\u00eda fotogr\u00e1fica, la proyecci\u00f3n de una pel\u00edcula acerca de este tema y las ponencias tituladas, \u201cCuando una discapacidad se convierte en una capacidad extraordinaria\u201d y \u201c Medidas preventivas para contrarrestar la obesidad y el sobrepeso en las personas con discapacidad, las cuales fueron impartidas por el departamento de Deporte para Todos del Instituto.<\/p>\n<p>Previo al inicio de las festividades, se realiz\u00f3 un acto de apertura, el cual fue encabezado por el director general del IMDE, Gustavo Ju\u00e1rez Bedolla, quien estuvo acompa\u00f1ado por Jorge Enrique Reyes G\u00e1mez, presidente de la Asociaci\u00f3n Michoacana de Deportistas Especiales, adem\u00e1s de Antonio Berrueta Ferrioli.<\/p>\n<p>\u201cEl fomentar el deporte en personas con capacidades diferentes es uno de los puntos m\u00e1s importantes en los que trabajaremos, porque estas actividades son una herramienta para hacer conciencia, integrarnos m\u00e1s como sociedad y colaborar a la reconstrucci\u00f3n de nuestro tejido social\u201d, asever\u00f3 Gustavo Ju\u00e1rez Bedolla, director general del IMDE.<\/p>\n<p>La unidad deportiva Morelos-Indeco, fue el escenario de todas las acciones, en las cuales participaron 50 personas, entre ni\u00f1os, j\u00f3venes y adultos, miembros de la Asociaci\u00f3n Michoacana de Deportistas Especiales.<\/p>\n","protected":false},"excerpt":{"rendered":"<p>En el marco del D\u00eda Internacional de la Discapacidad, el Instituto Municipal de Cultura F\u00edsica y Deporte (IMDE), desarroll\u00f3 una serie de actividades f\u00edsicas con personas con discapacidad y contribuir as\u00ed a la integraci\u00f3n social, en las instalaciones de la unidad deportiva Morelos-Indeco. El ayuntamiento de Morelia, liderado por el Alcalde, Alfonso Mart\u00ednez Alc\u00e1zar, por [&hellip;]<\/p>\n","protected":false},"author":1,"featured_media":20099,"comment_status":"open","ping_status":"open","sticky":false,"template":"","format":"standard","meta":{"footnotes":""},"categories":[14,9],"tags":[],"class_list":["post-20098","post","type-post","status-publish","format-standard","has-post-thumbnail","hentry","category-destacadas","category-morelia"],"_links":{"self":[{"href":"https:\/\/radiowebmx.com\/nota\/wp-json\/wp\/v2\/posts\/20098","targetHints":{"allow":["GET"]}}],"collection":[{"href":"https:\/\/radiowebmx.com\/nota\/wp-json\/wp\/v2\/posts"}],"about":[{"href":"https:\/\/radiowebmx.com\/nota\/wp-json\/wp\/v2\/types\/post"}],"author":[{"embeddable":true,"href":"https:\/\/radiowebmx.com\/nota\/wp-json\/wp\/v2\/users\/1"}],"replies":[{"embeddable":true,"href":"https:\/\/radiowebmx.com\/nota\/wp-json\/wp\/v2\/comments?post=20098"}],"version-history":[{"count":1,"href":"https:\/\/radiowebmx.com\/nota\/wp-json\/wp\/v2\/posts\/20098\/revisions"}],"predecessor-version":[{"id":20100,"href":"https:\/\/radiowebmx.com\/nota\/wp-json\/wp\/v2\/posts\/20098\/revisions\/20100"}],"wp:featuredmedia":[{"embeddable":true,"href":"https:\/\/radiowebmx.com\/nota\/wp-json\/wp\/v2\/media\/20099"}],"wp:attachment":[{"href":"https:\/\/radiowebmx.com\/nota\/wp-json\/wp\/v2\/media?parent=20098"}],"wp:term":[{"taxonomy":"category","embeddable":true,"href":"https:\/\/radiowebmx.com\/nota\/wp-json\/wp\/v2\/categories?post=20098"},{"taxonomy":"post_tag","embeddable":true,"href":"https:\/\/radiowebmx.com\/nota\/wp-json\/wp\/v2\/tags?post=20098"}],"curies":[{"name":"wp","href":"https:\/\/api.w.org\/{rel}","templated":true}]}}