{"id":20095,"date":"2015-12-04T11:19:09","date_gmt":"2015-12-04T17:19:09","guid":{"rendered":"https:\/\/radiowebmx.com\/nota\/?p=20095"},"modified":"2015-12-04T11:19:09","modified_gmt":"2015-12-04T17:19:09","slug":"festeja-edam-su-quinto-aniversario","status":"publish","type":"post","link":"https:\/\/radiowebmx.com\/nota\/festeja-edam-su-quinto-aniversario\/","title":{"rendered":"Festeja EDAM su quinto aniversario"},"content":{"rendered":"<p>Coordinar acciones a favor de las personas de la tercera edad, con la intenci\u00f3n de mejorar su calidad de vida, es una de las principales encomiendas de la administraci\u00f3n que encabeza el Presidente Municipal de Morelia, Alfonso Mart\u00ednez Alc\u00e1zar, apunt\u00f3 la Presidenta Honoraria del Sistema DIF, Paola Delgadillo de Mart\u00ednez, durante el quinto aniversario de la Estancia Diurna del Adulto Mayor (EDAM).<\/p>\n<p>En la celebraci\u00f3n que se llev\u00f3 a cabo en las instalaciones de este centro y en el que estuvieron presentes la encargada de despacho de la direcci\u00f3n del DIF municipal, Carla Isamara Hern\u00e1ndez L\u00f3pez, la coordinadora del EDAM, Sof\u00eda M\u00e9ndez, as\u00ed como el presidente del patronato de la estancia, Benjam\u00edn Mu\u00f1oz, la presidenta honoraria manifest\u00f3 su inter\u00e9s por seguir apoyando a los adultos mayores.<\/p>\n<p>&#8220;Estamos muy contentos de estar aqu\u00ed y ver su entusiasmo, confirmar que este centro ha sido pieza clave para que puedan vivir mejor. Por nuestra parte, continuaremos trabajando y apoy\u00e1ndolos para que cuenten con los mejores servicios y\u00a0atenci\u00f3n&#8221;, precis\u00f3.<\/p>\n<p>Asimismo, reconoci\u00f3 la labor que d\u00eda a d\u00eda realiza el personal de la Estancia Diurna del Adulto Mayor por brindar los cuidados necesarios y aportar su granito de arena en beneficio de las 65 personas de la tercera edad que acuden diariamente a este centro, en el que reciben atenci\u00f3n medi\u00e1tica, nutricional, psicol\u00f3gica y odontol\u00f3gica.<\/p>\n<p>En este tenor, el se\u00f1or F\u00e9lix Garc\u00eda Avil\u00e9s, quien tiene tres a\u00f1os acudiendo al este centro, dijo sentirse \u201cmuy feliz y contento\u201d, ya que est\u00e1 ha recibido una atenci\u00f3n muy cordial pro parte de los trabajadores.<\/p>\n<p>De la misma manera, Ofelia Valenzuela Ram\u00edrez, manifest\u00f3 su benepl\u00e1cito: \u201cestoy muy contenta de estar aqu\u00ed, porque estaba muy deca\u00edda en la casa y aburrida y al traerme aqu\u00ed se me ha subido el \u00e1nimo y me siento de nuevo animada\u201d.<\/p>\n","protected":false},"excerpt":{"rendered":"<p>Coordinar acciones a favor de las personas de la tercera edad, con la intenci\u00f3n de mejorar su calidad de vida, es una de las principales encomiendas de la administraci\u00f3n que encabeza el Presidente Municipal de Morelia, <\/p>\n","protected":false},"author":1,"featured_media":20096,"comment_status":"open","ping_status":"open","sticky":false,"template":"","format":"standard","meta":{"footnotes":""},"categories":[14,9],"tags":[],"class_list":["post-20095","post","type-post","status-publish","format-standard","has-post-thumbnail","hentry","category-destacadas","category-morelia"],"_links":{"self":[{"href":"https:\/\/radiowebmx.com\/nota\/wp-json\/wp\/v2\/posts\/20095","targetHints":{"allow":["GET"]}}],"collection":[{"href":"https:\/\/radiowebmx.com\/nota\/wp-json\/wp\/v2\/posts"}],"about":[{"href":"https:\/\/radiowebmx.com\/nota\/wp-json\/wp\/v2\/types\/post"}],"author":[{"embeddable":true,"href":"https:\/\/radiowebmx.com\/nota\/wp-json\/wp\/v2\/users\/1"}],"replies":[{"embeddable":true,"href":"https:\/\/radiowebmx.com\/nota\/wp-json\/wp\/v2\/comments?post=20095"}],"version-history":[{"count":1,"href":"https:\/\/radiowebmx.com\/nota\/wp-json\/wp\/v2\/posts\/20095\/revisions"}],"predecessor-version":[{"id":20097,"href":"https:\/\/radiowebmx.com\/nota\/wp-json\/wp\/v2\/posts\/20095\/revisions\/20097"}],"wp:featuredmedia":[{"embeddable":true,"href":"https:\/\/radiowebmx.com\/nota\/wp-json\/wp\/v2\/media\/20096"}],"wp:attachment":[{"href":"https:\/\/radiowebmx.com\/nota\/wp-json\/wp\/v2\/media?parent=20095"}],"wp:term":[{"taxonomy":"category","embeddable":true,"href":"https:\/\/radiowebmx.com\/nota\/wp-json\/wp\/v2\/categories?post=20095"},{"taxonomy":"post_tag","embeddable":true,"href":"https:\/\/radiowebmx.com\/nota\/wp-json\/wp\/v2\/tags?post=20095"}],"curies":[{"name":"wp","href":"https:\/\/api.w.org\/{rel}","templated":true}]}}