{"id":20092,"date":"2015-12-04T11:11:21","date_gmt":"2015-12-04T17:11:21","guid":{"rendered":"https:\/\/radiowebmx.com\/nota\/?p=20092"},"modified":"2015-12-04T11:11:21","modified_gmt":"2015-12-04T17:11:21","slug":"celebraran-en-morelia-festival-nacional-de-atletismo","status":"publish","type":"post","link":"https:\/\/radiowebmx.com\/nota\/celebraran-en-morelia-festival-nacional-de-atletismo\/","title":{"rendered":"Celebrar\u00e1n en Morelia Festival Nacional de Atletismo"},"content":{"rendered":"<p><a href=\"https:\/\/radiowebmx.com\/nota\/wp-content\/uploads\/2015\/12\/d3cbb0cd-38a3-4dba-b445-2e3974c10f8c.jpg\"><img loading=\"lazy\" decoding=\"async\" class=\"alignleft size-full wp-image-20093\" src=\"https:\/\/radiowebmx.com\/nota\/wp-content\/uploads\/2015\/12\/d3cbb0cd-38a3-4dba-b445-2e3974c10f8c.jpg\" alt=\"d3cbb0cd-38a3-4dba-b445-2e3974c10f8c\" width=\"591\" height=\"321\" srcset=\"https:\/\/radiowebmx.com\/nota\/wp-content\/uploads\/2015\/12\/d3cbb0cd-38a3-4dba-b445-2e3974c10f8c.jpg 591w, https:\/\/radiowebmx.com\/nota\/wp-content\/uploads\/2015\/12\/d3cbb0cd-38a3-4dba-b445-2e3974c10f8c-300x163.jpg 300w\" sizes=\"auto, (max-width: 591px) 100vw, 591px\" \/><\/a>En v\u00edas de reafirmarse como la \u201cCapital Nacional del Atletismo\u201d, la ciudad de Morelia albergar\u00e1 el Primer Festival Nacional de Invierno de Atletismo, el cual tendr\u00e1 verificativo los d\u00edas 5 y 6 de diciembre, con la participaci\u00f3n de alrededor de 200 deportistas provenientes de diversas entidades del pa\u00eds, en las instalaciones del Complejo Deportivo Bicentenario.<\/p>\n<p>Alfonso Mart\u00ednez Alc\u00e1zar, Presidente Municipal de Morelia, a trav\u00e9s del Instituto Municipal de Cultura F\u00edsica y Deporte (IMDE) y su director general, Gustavo Ju\u00e1rez Bedolla, reafirma con este evento, su compromiso por mantener a la capital michoacana como un sitio id\u00f3neo para el desarrollo de competencias de alto rendimiento.<\/p>\n<p>Con esta justa, la Asociaci\u00f3n Michoacana de Atletismo, arranca formalmente el proceso de preparaci\u00f3n de los atletas pur\u00e9pechas rumbo a la Olimpiada Nacional 2016, que se desarrollar\u00e1 en Chihuahua durante los meses de julio y agosto.<\/p>\n<p>El regidor, F\u00e9lix Madrigal; Gustavo Ju\u00e1rez Bedolla, director general del IMDE; Hugo Barojas, en representaci\u00f3n de Edna D\u00edaz, titular de la Comisi\u00f3n Estatal de Cultura F\u00edsica y Deporte (CECUFID); Antonio Berrueta Ferrioli, presidente de la Asociaci\u00f3n de Atletismo del Estado de Michoac\u00e1n, fueron las autoridades que se dieron cita para el anuncio de la competencia.<\/p>\n<p>\u201cEn los \u00faltimos a\u00f1os, Morelia se ha caracterizado por albergar eventos deportivos de la m\u00e1s alta calidad en el atletismo y con este Festival vamos a reafirmar nuestra posici\u00f3n como una ciudad a la vanguardia en el desarrollo de competencias. Tambi\u00e9n estamos trabajando en la creaci\u00f3n de una Escuela de Iniciaci\u00f3n Deportiva de Atletismo en 2016, la cual contribuir\u00e1 a la formaci\u00f3n de valores\u201d, asegur\u00f3 el director general del IMDE, Gustavo Ju\u00e1rez Bedolla.<\/p>\n<p>El Festival Nacional de Invierno de Atletismo, el cual se realizar\u00e1 en el Complejo Deportivo Bicentenario, los d\u00edas 5 y 6 de diciembre, reunir\u00e1 a cerca de 200 de los mejores exponentes del atletismo, del Estado de M\u00e9xico, Quer\u00e9taro, Jalisco, Guanajuato, Distrito Federal y Michoac\u00e1n, que conformar\u00e1 la delegaci\u00f3n m\u00e1s numerosa, con 170 deportistas.<\/p>\n<p>Las categor\u00edas contempladas para la justa son: Infantil (menores de 16 a\u00f1os), Sub 20, Sub 23, Libre y M\u00e1ster, en rama varonil y femenil.<\/p>\n<p>\u201cLa iniciativa que tomamos con este Festival, es incluir a todas las categor\u00edas para que tengan competencia de alto rendimiento y no enfocarnos solo en los j\u00f3venes, sino aumentar el nivel de todo el atletismo michoacano\u201d, extern\u00f3 el presidente de la Asociaci\u00f3n de Atletismo del Estado de Michoac\u00e1n, Antonio Berrueta Ferrioli.<\/p>\n<p>Las pruebas incluidas en la competencia son: 100, 200, 400, 800, mil 500 y 5 mil\u00a0 metros planos; 3 mil y 5 mil metros en marcha, impulso de bala, lanzamiento de disco, adem\u00e1s de salto triple y de longitud.<\/p>\n<p>Las acciones arrancar\u00e1n a partir de las 08:00 horas del s\u00e1bado, mientras que la inauguraci\u00f3n del festival tendr\u00e1 lugar el d\u00eda domingo, en punto de las 09:00 horas, en la pista sint\u00e9tica de atletismo del Complejo.<\/p>\n","protected":false},"excerpt":{"rendered":"<p>En v\u00edas de reafirmarse como la \u201cCapital Nacional del Atletismo\u201d, <\/p>\n","protected":false},"author":1,"featured_media":20093,"comment_status":"open","ping_status":"open","sticky":false,"template":"","format":"standard","meta":{"footnotes":""},"categories":[14,9],"tags":[],"class_list":["post-20092","post","type-post","status-publish","format-standard","has-post-thumbnail","hentry","category-destacadas","category-morelia"],"_links":{"self":[{"href":"https:\/\/radiowebmx.com\/nota\/wp-json\/wp\/v2\/posts\/20092","targetHints":{"allow":["GET"]}}],"collection":[{"href":"https:\/\/radiowebmx.com\/nota\/wp-json\/wp\/v2\/posts"}],"about":[{"href":"https:\/\/radiowebmx.com\/nota\/wp-json\/wp\/v2\/types\/post"}],"author":[{"embeddable":true,"href":"https:\/\/radiowebmx.com\/nota\/wp-json\/wp\/v2\/users\/1"}],"replies":[{"embeddable":true,"href":"https:\/\/radiowebmx.com\/nota\/wp-json\/wp\/v2\/comments?post=20092"}],"version-history":[{"count":1,"href":"https:\/\/radiowebmx.com\/nota\/wp-json\/wp\/v2\/posts\/20092\/revisions"}],"predecessor-version":[{"id":20094,"href":"https:\/\/radiowebmx.com\/nota\/wp-json\/wp\/v2\/posts\/20092\/revisions\/20094"}],"wp:featuredmedia":[{"embeddable":true,"href":"https:\/\/radiowebmx.com\/nota\/wp-json\/wp\/v2\/media\/20093"}],"wp:attachment":[{"href":"https:\/\/radiowebmx.com\/nota\/wp-json\/wp\/v2\/media?parent=20092"}],"wp:term":[{"taxonomy":"category","embeddable":true,"href":"https:\/\/radiowebmx.com\/nota\/wp-json\/wp\/v2\/categories?post=20092"},{"taxonomy":"post_tag","embeddable":true,"href":"https:\/\/radiowebmx.com\/nota\/wp-json\/wp\/v2\/tags?post=20092"}],"curies":[{"name":"wp","href":"https:\/\/api.w.org\/{rel}","templated":true}]}}