{"id":20086,"date":"2015-12-03T12:47:39","date_gmt":"2015-12-03T18:47:39","guid":{"rendered":"https:\/\/radiowebmx.com\/nota\/?p=20086"},"modified":"2015-12-03T12:47:39","modified_gmt":"2015-12-03T18:47:39","slug":"morelia-cierra-2015-con-broche-de-oro-en-materia-de-festivales","status":"publish","type":"post","link":"https:\/\/radiowebmx.com\/nota\/morelia-cierra-2015-con-broche-de-oro-en-materia-de-festivales\/","title":{"rendered":"Morelia cierra 2015 con broche de oro en materia de festivales"},"content":{"rendered":"<p><a href=\"https:\/\/radiowebmx.com\/nota\/wp-content\/uploads\/2015\/12\/a338b10b-42db-4039-b279-02731de2fe80.jpg\"><img loading=\"lazy\" decoding=\"async\" class=\"alignleft size-full wp-image-20087\" src=\"https:\/\/radiowebmx.com\/nota\/wp-content\/uploads\/2015\/12\/a338b10b-42db-4039-b279-02731de2fe80.jpg\" alt=\"a338b10b-42db-4039-b279-02731de2fe80\" width=\"591\" height=\"304\" srcset=\"https:\/\/radiowebmx.com\/nota\/wp-content\/uploads\/2015\/12\/a338b10b-42db-4039-b279-02731de2fe80.jpg 591w, https:\/\/radiowebmx.com\/nota\/wp-content\/uploads\/2015\/12\/a338b10b-42db-4039-b279-02731de2fe80-300x154.jpg 300w\" sizes=\"auto, (max-width: 591px) 100vw, 591px\" \/><\/a>Con un lleno total la Catedral de Morelia, la ciudadan\u00eda fue testigo del concierto inaugural de la edici\u00f3n n\u00famero 49 del Festival Internacional de \u00d3rgano de Morelia \u201cAlfonso Vega N\u00fa\u00f1ez\u201d.<\/p>\n<p>En representaci\u00f3n del Presidente Municipal, Alfonso Mart\u00ednez Alc\u00e1zar, la secretaria de Turismo, Thelma Aquique Arrieta dio la bienvenida a los cientos de asistentes que se dieron cita en la majestuosa Catedral y a quienes les agradeci\u00f3 la confianza que le brindan a la ciudad de llevar a cabo eventos de tal magnitud.<\/p>\n<p>Asimismo invit\u00f3 a toda la ciudadan\u00eda a que venga y disfrute de organistas\u00a0 de talla internacional, a quienes tambi\u00e9n les dese\u00f3 que su estancia en la ciudad sea placentera y disfruten de sus riquezas culturales.<\/p>\n<p>Para el Gobierno Municipal, el apoyo a eventos que contribuyan al desarrollo cultural y art\u00edstico, es importante como estrategia para proyectar a Morelia como un destino tur\u00edstico atractivo para las personas que viven en otras entidades o habitan otro pa\u00eds.<\/p>\n","protected":false},"excerpt":{"rendered":"<p>Con un lleno total la Catedral de Morelia, la ciudadan\u00eda fue testigo del concierto inaugural de la edici\u00f3n n\u00famero 49 del Festival Internacional de \u00d3rgano de Morelia \u201cAlfonso Vega N\u00fa\u00f1ez\u201d.<\/p>\n","protected":false},"author":1,"featured_media":20087,"comment_status":"open","ping_status":"open","sticky":false,"template":"","format":"standard","meta":{"footnotes":""},"categories":[14,9],"tags":[],"class_list":["post-20086","post","type-post","status-publish","format-standard","has-post-thumbnail","hentry","category-destacadas","category-morelia"],"_links":{"self":[{"href":"https:\/\/radiowebmx.com\/nota\/wp-json\/wp\/v2\/posts\/20086","targetHints":{"allow":["GET"]}}],"collection":[{"href":"https:\/\/radiowebmx.com\/nota\/wp-json\/wp\/v2\/posts"}],"about":[{"href":"https:\/\/radiowebmx.com\/nota\/wp-json\/wp\/v2\/types\/post"}],"author":[{"embeddable":true,"href":"https:\/\/radiowebmx.com\/nota\/wp-json\/wp\/v2\/users\/1"}],"replies":[{"embeddable":true,"href":"https:\/\/radiowebmx.com\/nota\/wp-json\/wp\/v2\/comments?post=20086"}],"version-history":[{"count":1,"href":"https:\/\/radiowebmx.com\/nota\/wp-json\/wp\/v2\/posts\/20086\/revisions"}],"predecessor-version":[{"id":20088,"href":"https:\/\/radiowebmx.com\/nota\/wp-json\/wp\/v2\/posts\/20086\/revisions\/20088"}],"wp:featuredmedia":[{"embeddable":true,"href":"https:\/\/radiowebmx.com\/nota\/wp-json\/wp\/v2\/media\/20087"}],"wp:attachment":[{"href":"https:\/\/radiowebmx.com\/nota\/wp-json\/wp\/v2\/media?parent=20086"}],"wp:term":[{"taxonomy":"category","embeddable":true,"href":"https:\/\/radiowebmx.com\/nota\/wp-json\/wp\/v2\/categories?post=20086"},{"taxonomy":"post_tag","embeddable":true,"href":"https:\/\/radiowebmx.com\/nota\/wp-json\/wp\/v2\/tags?post=20086"}],"curies":[{"name":"wp","href":"https:\/\/api.w.org\/{rel}","templated":true}]}}