{"id":20081,"date":"2015-12-03T12:41:09","date_gmt":"2015-12-03T18:41:09","guid":{"rendered":"https:\/\/radiowebmx.com\/nota\/?p=20081"},"modified":"2015-12-03T12:41:09","modified_gmt":"2015-12-03T18:41:09","slug":"alcalde-alfonso-martinez-nuevo-vicepresidente-de-la-asociacion-nacional-de-ciudades-mexicanas-patrimonio-mundial","status":"publish","type":"post","link":"https:\/\/radiowebmx.com\/nota\/alcalde-alfonso-martinez-nuevo-vicepresidente-de-la-asociacion-nacional-de-ciudades-mexicanas-patrimonio-mundial\/","title":{"rendered":"Alcalde Alfonso Mart\u00ednez, nuevo vicepresidente de la Asociaci\u00f3n Nacional de Ciudades Mexicanas Patrimonio Mundial"},"content":{"rendered":"<p><a href=\"https:\/\/radiowebmx.com\/nota\/wp-content\/uploads\/2015\/12\/b852564c-ddfb-4edc-8e63-df402e5c1df8.jpg\"><img loading=\"lazy\" decoding=\"async\" class=\"alignleft size-full wp-image-20082\" src=\"https:\/\/radiowebmx.com\/nota\/wp-content\/uploads\/2015\/12\/b852564c-ddfb-4edc-8e63-df402e5c1df8.jpg\" alt=\"b852564c-ddfb-4edc-8e63-df402e5c1df8\" width=\"591\" height=\"317\" srcset=\"https:\/\/radiowebmx.com\/nota\/wp-content\/uploads\/2015\/12\/b852564c-ddfb-4edc-8e63-df402e5c1df8.jpg 591w, https:\/\/radiowebmx.com\/nota\/wp-content\/uploads\/2015\/12\/b852564c-ddfb-4edc-8e63-df402e5c1df8-300x161.jpg 300w\" sizes=\"auto, (max-width: 591px) 100vw, 591px\" \/><\/a>El Presidente Municipal de Morelia, Alfonso Mart\u00ednez Alc\u00e1zar, fue nombrado este mi\u00e9rcoles, vicepresidente de Asociaci\u00f3n Nacional de Ciudades Mexicanas Patrimonio Mundial (ANCMPM), durante la Sexta Asamblea de esta organizaci\u00f3n, que se realiza en Tlacotalpan, Veracruz, lo que representa una oportunidad para potenciar los atractivos tur\u00edsticos y culturales de las 11 ciudades que forman parte del ANCMPM, a nivel mundial.<\/p>\n<p>En este marco, el Alcalde, se comprometi\u00f3 a gestionar mayores recursos ante organismos p\u00fablicos y privados nacionales e internacionales, para obras y acciones que conserven, preserven y mejoren los sitios emblem\u00e1ticos de las localidades Patrimonio Mundial de nuestro pa\u00eds, entre ellas Morelia.<\/p>\n<p>En este sentido, el plan de trabajo que ser\u00e1 impulsado por la Asociaci\u00f3n que preside el Alcalde de Zacatecas, Carlos Pe\u00f1a Badillo, tiene contemplado un esquema de gestiones ante instancias federales, incentivar la promoci\u00f3n tur\u00edstica y la participaci\u00f3n de organismos internacionales, promover la educaci\u00f3n y difusi\u00f3n cultural, as\u00ed como la investigaci\u00f3n.<\/p>\n<p>Alfonso Mart\u00ednez reconoci\u00f3 que ante este escenario de intercambio de experiencias, Morelia puede exponer su riqueza cultural hacia el mundo y abrir espacios para atraer el turismo.<br \/>\nDestac\u00f3 que la capital de Michoac\u00e1n tiene mucho que ofrecer al exterior en materia de gastronom\u00eda, arquitectura y artesan\u00edas, por citar tan s\u00f3lo algunos de sus atractivos, los cuales se ver\u00edan beneficiado a trav\u00e9s de la participaci\u00f3n de organismos internacionales.<\/p>\n","protected":false},"excerpt":{"rendered":"<p>El Presidente Municipal de Morelia, Alfonso Mart\u00ednez Alc\u00e1zar, fue nombrado este mi\u00e9rcoles, vicepresidente de ANCMPM, <\/p>\n","protected":false},"author":1,"featured_media":20082,"comment_status":"open","ping_status":"open","sticky":false,"template":"","format":"standard","meta":{"footnotes":""},"categories":[14,9],"tags":[],"class_list":["post-20081","post","type-post","status-publish","format-standard","has-post-thumbnail","hentry","category-destacadas","category-morelia"],"_links":{"self":[{"href":"https:\/\/radiowebmx.com\/nota\/wp-json\/wp\/v2\/posts\/20081","targetHints":{"allow":["GET"]}}],"collection":[{"href":"https:\/\/radiowebmx.com\/nota\/wp-json\/wp\/v2\/posts"}],"about":[{"href":"https:\/\/radiowebmx.com\/nota\/wp-json\/wp\/v2\/types\/post"}],"author":[{"embeddable":true,"href":"https:\/\/radiowebmx.com\/nota\/wp-json\/wp\/v2\/users\/1"}],"replies":[{"embeddable":true,"href":"https:\/\/radiowebmx.com\/nota\/wp-json\/wp\/v2\/comments?post=20081"}],"version-history":[{"count":1,"href":"https:\/\/radiowebmx.com\/nota\/wp-json\/wp\/v2\/posts\/20081\/revisions"}],"predecessor-version":[{"id":20083,"href":"https:\/\/radiowebmx.com\/nota\/wp-json\/wp\/v2\/posts\/20081\/revisions\/20083"}],"wp:featuredmedia":[{"embeddable":true,"href":"https:\/\/radiowebmx.com\/nota\/wp-json\/wp\/v2\/media\/20082"}],"wp:attachment":[{"href":"https:\/\/radiowebmx.com\/nota\/wp-json\/wp\/v2\/media?parent=20081"}],"wp:term":[{"taxonomy":"category","embeddable":true,"href":"https:\/\/radiowebmx.com\/nota\/wp-json\/wp\/v2\/categories?post=20081"},{"taxonomy":"post_tag","embeddable":true,"href":"https:\/\/radiowebmx.com\/nota\/wp-json\/wp\/v2\/tags?post=20081"}],"curies":[{"name":"wp","href":"https:\/\/api.w.org\/{rel}","templated":true}]}}