{"id":20078,"date":"2015-12-03T12:37:47","date_gmt":"2015-12-03T18:37:47","guid":{"rendered":"https:\/\/radiowebmx.com\/nota\/?p=20078"},"modified":"2015-12-03T12:37:47","modified_gmt":"2015-12-03T18:37:47","slug":"apoyara-secretaria-de-fomento-economico-a-empresarios-y-proveedores-en-expo-construye-2015","status":"publish","type":"post","link":"https:\/\/radiowebmx.com\/nota\/apoyara-secretaria-de-fomento-economico-a-empresarios-y-proveedores-en-expo-construye-2015\/","title":{"rendered":"Apoyar\u00e1 Secretar\u00eda de Fomento Econ\u00f3mico a empresarios y proveedores en Expo Construye 2015"},"content":{"rendered":"<p><a href=\"https:\/\/radiowebmx.com\/nota\/wp-content\/uploads\/2015\/12\/33dad091-48cb-467d-baa1-0cd9d20d7209.jpg\"><img loading=\"lazy\" decoding=\"async\" class=\"alignleft size-full wp-image-20079\" src=\"https:\/\/radiowebmx.com\/nota\/wp-content\/uploads\/2015\/12\/33dad091-48cb-467d-baa1-0cd9d20d7209.jpg\" alt=\"33dad091-48cb-467d-baa1-0cd9d20d7209\" width=\"591\" height=\"385\" srcset=\"https:\/\/radiowebmx.com\/nota\/wp-content\/uploads\/2015\/12\/33dad091-48cb-467d-baa1-0cd9d20d7209.jpg 591w, https:\/\/radiowebmx.com\/nota\/wp-content\/uploads\/2015\/12\/33dad091-48cb-467d-baa1-0cd9d20d7209-300x195.jpg 300w\" sizes=\"auto, (max-width: 591px) 100vw, 591px\" \/><\/a>El Ayuntamiento de Morelia a trav\u00e9s de la Secretar\u00eda de Fomento Econ\u00f3mico participar\u00e1 en la celebraci\u00f3n de la Expo Construye Morelia 2015.<\/p>\n<p>En atenci\u00f3n a la invitaci\u00f3n realizada por el Grupo Leomar, la instancia municipal instalar\u00e1 un stand informativo donde se dar\u00e1n a conocer los distintos programas de financiamiento a empresas y proveedores locales.<\/p>\n<p>La titular de la Secretar\u00eda de Fomento Econ\u00f3mico, Ireri Rivera Garc\u00eda, inform\u00f3 que a trav\u00e9s del Departamento de Formulaci\u00f3n y Evaluaci\u00f3n de Proyectos, se ofrecer\u00e1 asesor\u00eda para dar a conocer los programas de cr\u00e9dito que se manejan de manera conjunta con instituciones p\u00fablicas y privadas como lo son S\u00ed Financia, Operadora FONDES y con la Caja Morelia Valladolid.<\/p>\n<p>La intenci\u00f3n, puntualiz\u00f3 la encargada de la pol\u00edtica econ\u00f3mica local, es seguir apoyando a los empresarios y proveedores para fortalecer a sus negocios, permitiendo su permanencia y con ello la garant\u00eda de la vigencia de los empleos que generan a favor de los morelianos.<\/p>\n<p>La funcionaria municipal, celebr\u00f3 la realizaci\u00f3n de eventos como la Expo Construye Morelia 2015, y refrend\u00f3 el compromiso del Alcalde Alfonso Mart\u00ednez de apoyar cada idea y proyecto que el sector productivo y empresarial presenten con el objetivo de mejorar y mover la econom\u00eda local.<\/p>\n<p>La Expo Construye Morelia 2015 se realizar\u00e1 los d\u00edas 4 y 5 de diciembre en las Instalaciones de Grupo Leomar ubicadas en Perif\u00e9rico Paseo de la Republica No. 3375 esquina calle Laguna Madre Bah\u00eda, Colonia Lago III, \u00a0en la cual se tiene programada su inauguraci\u00f3n este pr\u00f3ximo viernes a las 9:30\u00a0 horas.<\/p>\n","protected":false},"excerpt":{"rendered":"<p>El Ayuntamiento de Morelia a trav\u00e9s de la Secretar\u00eda de Fomento Econ\u00f3mico participar\u00e1 en la celebraci\u00f3n de la Expo Construye Morelia 2015.<\/p>\n","protected":false},"author":1,"featured_media":20079,"comment_status":"open","ping_status":"open","sticky":false,"template":"","format":"standard","meta":{"footnotes":""},"categories":[14,9],"tags":[],"class_list":["post-20078","post","type-post","status-publish","format-standard","has-post-thumbnail","hentry","category-destacadas","category-morelia"],"_links":{"self":[{"href":"https:\/\/radiowebmx.com\/nota\/wp-json\/wp\/v2\/posts\/20078","targetHints":{"allow":["GET"]}}],"collection":[{"href":"https:\/\/radiowebmx.com\/nota\/wp-json\/wp\/v2\/posts"}],"about":[{"href":"https:\/\/radiowebmx.com\/nota\/wp-json\/wp\/v2\/types\/post"}],"author":[{"embeddable":true,"href":"https:\/\/radiowebmx.com\/nota\/wp-json\/wp\/v2\/users\/1"}],"replies":[{"embeddable":true,"href":"https:\/\/radiowebmx.com\/nota\/wp-json\/wp\/v2\/comments?post=20078"}],"version-history":[{"count":1,"href":"https:\/\/radiowebmx.com\/nota\/wp-json\/wp\/v2\/posts\/20078\/revisions"}],"predecessor-version":[{"id":20080,"href":"https:\/\/radiowebmx.com\/nota\/wp-json\/wp\/v2\/posts\/20078\/revisions\/20080"}],"wp:featuredmedia":[{"embeddable":true,"href":"https:\/\/radiowebmx.com\/nota\/wp-json\/wp\/v2\/media\/20079"}],"wp:attachment":[{"href":"https:\/\/radiowebmx.com\/nota\/wp-json\/wp\/v2\/media?parent=20078"}],"wp:term":[{"taxonomy":"category","embeddable":true,"href":"https:\/\/radiowebmx.com\/nota\/wp-json\/wp\/v2\/categories?post=20078"},{"taxonomy":"post_tag","embeddable":true,"href":"https:\/\/radiowebmx.com\/nota\/wp-json\/wp\/v2\/tags?post=20078"}],"curies":[{"name":"wp","href":"https:\/\/api.w.org\/{rel}","templated":true}]}}