{"id":20069,"date":"2015-12-03T12:14:22","date_gmt":"2015-12-03T18:14:22","guid":{"rendered":"https:\/\/radiowebmx.com\/nota\/?p=20069"},"modified":"2015-12-03T12:14:22","modified_gmt":"2015-12-03T18:14:22","slug":"realiza-secretaria-de-servicios-publicos-relevo-institucional-en-el-centro-de-atencion-canina-y-felina","status":"publish","type":"post","link":"https:\/\/radiowebmx.com\/nota\/realiza-secretaria-de-servicios-publicos-relevo-institucional-en-el-centro-de-atencion-canina-y-felina\/","title":{"rendered":"Realiza Secretar\u00eda de Servicios P\u00fablicos relevo institucional en el Centro de Atenci\u00f3n Canina y Felina"},"content":{"rendered":"<p><a href=\"https:\/\/radiowebmx.com\/nota\/wp-content\/uploads\/2015\/12\/a82cc7f1-934f-48aa-8522-3f06f00d9c0e.jpg\"><img loading=\"lazy\" decoding=\"async\" class=\"alignleft size-full wp-image-20070\" src=\"https:\/\/radiowebmx.com\/nota\/wp-content\/uploads\/2015\/12\/a82cc7f1-934f-48aa-8522-3f06f00d9c0e.jpg\" alt=\"a82cc7f1-934f-48aa-8522-3f06f00d9c0e\" width=\"591\" height=\"274\" srcset=\"https:\/\/radiowebmx.com\/nota\/wp-content\/uploads\/2015\/12\/a82cc7f1-934f-48aa-8522-3f06f00d9c0e.jpg 591w, https:\/\/radiowebmx.com\/nota\/wp-content\/uploads\/2015\/12\/a82cc7f1-934f-48aa-8522-3f06f00d9c0e-300x139.jpg 300w\" sizes=\"auto, (max-width: 591px) 100vw, 591px\" \/><\/a>Con el compromiso de promover un trato digno a los animales, el Ayuntamiento de Morelia a trav\u00e9s de la Secretar\u00eda de Servicios P\u00fablicos, entreg\u00f3 este mi\u00e9rcoles el nombramiento para Anel Nieto \u00c1lvarez como Jefa de Departamento del Centro de Atenci\u00f3n Canina y Felina.<\/p>\n<p>Ante la presencia del secretario de dicha \u00e1rea, Jos\u00e9 Luis Gil V\u00e1zquez y las regidoras de la comisi\u00f3n de Servicios P\u00fablicos, Alma Bahena Villalobos y Kathia Elena Ort\u00edz \u00c1vila, se realiz\u00f3 dicho relevo, en donde se reiter\u00f3 que este departamento ser\u00e1 prioridad para la actual administraci\u00f3n que encabeza el Presidente Municipal, Alfonso Mart\u00ednez Alc\u00e1zar.<\/p>\n<p>En este sentido, Gil V\u00e1zquez reconoci\u00f3 el trabajo y profesionalismo de Carlos Heredia Gonz\u00e1lez, durante el tiempo que estuvo al frente de esta \u00e1rea del Ayuntamiento y le dio la bienvenida a Nieto \u00c1lvarez, a quien le pidi\u00f3 un compromiso para redoblar esfuerzos en los trabajos que se realizan.<\/p>\n<p>Por su parte, Anel Nieto\u00a0agradeci\u00f3 la confianza brindada por el Alcalde Alfonso Mart\u00ednez y por el titular de la Secretar\u00eda de Servicios P\u00fablicos y asegur\u00f3 que durante su paso por este centro se procurar\u00e1 un trato digno a los animales, por lo que realizar\u00e1 las acciones necesarias para lograr este fin.<\/p>\n<p>Finalmente las regidoras de la Comisi\u00f3n de Servicios P\u00fablicos, Bahena Villalobos y Ort\u00edz \u00c1vila, destacaron la importancia de defender a los animales y buscar su bienestar desde el trato que brindan las instancias municipales responsables para ello.<\/p>\n","protected":false},"excerpt":{"rendered":"<p>Con el compromiso de promover un trato digno a los animales, el Ayuntamiento de Morelia a trav\u00e9s de la Secretar\u00eda de Servicios P\u00fablicos, entreg\u00f3 este mi\u00e9rcoles el nombramiento para Anel Nieto \u00c1lvarez como Jefa de Departamento del Centro de Atenci\u00f3n Canina y Felina.<\/p>\n","protected":false},"author":1,"featured_media":20070,"comment_status":"open","ping_status":"open","sticky":false,"template":"","format":"standard","meta":{"footnotes":""},"categories":[14,9],"tags":[],"class_list":["post-20069","post","type-post","status-publish","format-standard","has-post-thumbnail","hentry","category-destacadas","category-morelia"],"_links":{"self":[{"href":"https:\/\/radiowebmx.com\/nota\/wp-json\/wp\/v2\/posts\/20069","targetHints":{"allow":["GET"]}}],"collection":[{"href":"https:\/\/radiowebmx.com\/nota\/wp-json\/wp\/v2\/posts"}],"about":[{"href":"https:\/\/radiowebmx.com\/nota\/wp-json\/wp\/v2\/types\/post"}],"author":[{"embeddable":true,"href":"https:\/\/radiowebmx.com\/nota\/wp-json\/wp\/v2\/users\/1"}],"replies":[{"embeddable":true,"href":"https:\/\/radiowebmx.com\/nota\/wp-json\/wp\/v2\/comments?post=20069"}],"version-history":[{"count":1,"href":"https:\/\/radiowebmx.com\/nota\/wp-json\/wp\/v2\/posts\/20069\/revisions"}],"predecessor-version":[{"id":20071,"href":"https:\/\/radiowebmx.com\/nota\/wp-json\/wp\/v2\/posts\/20069\/revisions\/20071"}],"wp:featuredmedia":[{"embeddable":true,"href":"https:\/\/radiowebmx.com\/nota\/wp-json\/wp\/v2\/media\/20070"}],"wp:attachment":[{"href":"https:\/\/radiowebmx.com\/nota\/wp-json\/wp\/v2\/media?parent=20069"}],"wp:term":[{"taxonomy":"category","embeddable":true,"href":"https:\/\/radiowebmx.com\/nota\/wp-json\/wp\/v2\/categories?post=20069"},{"taxonomy":"post_tag","embeddable":true,"href":"https:\/\/radiowebmx.com\/nota\/wp-json\/wp\/v2\/tags?post=20069"}],"curies":[{"name":"wp","href":"https:\/\/api.w.org\/{rel}","templated":true}]}}