{"id":20065,"date":"2015-12-03T12:11:21","date_gmt":"2015-12-03T18:11:21","guid":{"rendered":"https:\/\/radiowebmx.com\/nota\/?p=20065"},"modified":"2015-12-03T12:11:32","modified_gmt":"2015-12-03T18:11:32","slug":"ayuntamiento-de-morelia-busca-mejorar-proceso-de-acceso-a-vivienda","status":"publish","type":"post","link":"https:\/\/radiowebmx.com\/nota\/ayuntamiento-de-morelia-busca-mejorar-proceso-de-acceso-a-vivienda\/","title":{"rendered":"Ayuntamiento de Morelia busca mejorar proceso de acceso a vivienda"},"content":{"rendered":"<p><a href=\"https:\/\/radiowebmx.com\/nota\/wp-content\/uploads\/2015\/12\/2f656695-6bf9-473a-9a10-31ff5d099f4c.jpg\"><img loading=\"lazy\" decoding=\"async\" class=\"alignleft size-full wp-image-20066\" src=\"https:\/\/radiowebmx.com\/nota\/wp-content\/uploads\/2015\/12\/2f656695-6bf9-473a-9a10-31ff5d099f4c.jpg\" alt=\"2f656695-6bf9-473a-9a10-31ff5d099f4c\" width=\"591\" height=\"308\" srcset=\"https:\/\/radiowebmx.com\/nota\/wp-content\/uploads\/2015\/12\/2f656695-6bf9-473a-9a10-31ff5d099f4c.jpg 591w, https:\/\/radiowebmx.com\/nota\/wp-content\/uploads\/2015\/12\/2f656695-6bf9-473a-9a10-31ff5d099f4c-300x156.jpg 300w\" sizes=\"auto, (max-width: 591px) 100vw, 591px\" \/><\/a>Con la finalidad de avanzar en la regularizaci\u00f3n de terrenos y que los morelianos\u00a0 tenga acceso a una vivienda digna, la Comisi\u00f3n de Desarrollo Urbano y \u00a0Obras P\u00fablicas abord\u00f3\u00a0 temas en relaci\u00f3n\u00a0 al trabajo que realiza el Ayuntamiento de Morelia en coordinaci\u00f3n con la Comisi\u00f3n para la Regularizaci\u00f3n de la Tenencia de la Tierra (CORETT).<\/p>\n<p>El \u00a0presidente de dicha comisi\u00f3n,\u00a0 Jorge Tinoco Ortiz indic\u00f3 que los trabajos se enfocaron a la actualizaci\u00f3n de \u00a0los avances de las tareas en conjunto con la Direcci\u00f3n\u00a0 de Gobierno encabezada por Iv\u00e1n Barrales Alc\u00e1ntara.<\/p>\n<p>Dentro de los acuerdos tomados en dicha comisi\u00f3n se\u00a0destac\u00f3 la necesidad de sumar a todas las dependencias municipales que intervienen en el tratamiento de la problem\u00e1tica de los asentamientos irregulares y definir una misma l\u00ednea de acci\u00f3n, algunas de ellas ser\u00e1n Coplademun, Secretar\u00eda de Obras P\u00fablicas, Imuvi, Ooapas, la Secretar\u00eda de Desarrollo Social y algunas m\u00e1s.<\/p>\n<p>Se acord\u00f3\u00a0 realizar reuniones cada quince d\u00edas\u00a0 para abordar los temas de predios irregulares, las soluciones y el seguimiento que se les han dado a los diferentes casos.<\/p>\n<p>Dichas decisiones a las que llegaron fue de \u00a0manera consensada entre Tinoco Ortiz y el regidor Salvador Arbizu Cisneros, as\u00ed como la representaci\u00f3n de la regidora Mar\u00eda Elisa Garrido P\u00e9rez.<\/p>\n<p>Se propuso tambi\u00e9n\u00a0que a la brevedad posible, se re\u00fanan todas las dependencias estatales y \u00a0federales involucradas para conjuntar labores en beneficio de las y los morelianos.<\/p>\n","protected":false},"excerpt":{"rendered":"<p>Con la finalidad de avanzar en la regularizaci\u00f3n de terrenos y que los morelianos\u00a0 tenga acceso a una vivienda digna, la Comisi\u00f3n de Desarrollo Urbano y \u00a0Obras P\u00fablicas abord\u00f3\u00a0 temas en relaci\u00f3n\u00a0 al trabajo que realiza el Ayuntamiento de Morelia en coordinaci\u00f3n con la Comisi\u00f3n para la Regularizaci\u00f3n de la Tenencia de la Tierra (CORETT). [&hellip;]<\/p>\n","protected":false},"author":1,"featured_media":20066,"comment_status":"open","ping_status":"open","sticky":false,"template":"","format":"standard","meta":{"footnotes":""},"categories":[14,9],"tags":[],"class_list":["post-20065","post","type-post","status-publish","format-standard","has-post-thumbnail","hentry","category-destacadas","category-morelia"],"_links":{"self":[{"href":"https:\/\/radiowebmx.com\/nota\/wp-json\/wp\/v2\/posts\/20065","targetHints":{"allow":["GET"]}}],"collection":[{"href":"https:\/\/radiowebmx.com\/nota\/wp-json\/wp\/v2\/posts"}],"about":[{"href":"https:\/\/radiowebmx.com\/nota\/wp-json\/wp\/v2\/types\/post"}],"author":[{"embeddable":true,"href":"https:\/\/radiowebmx.com\/nota\/wp-json\/wp\/v2\/users\/1"}],"replies":[{"embeddable":true,"href":"https:\/\/radiowebmx.com\/nota\/wp-json\/wp\/v2\/comments?post=20065"}],"version-history":[{"count":2,"href":"https:\/\/radiowebmx.com\/nota\/wp-json\/wp\/v2\/posts\/20065\/revisions"}],"predecessor-version":[{"id":20068,"href":"https:\/\/radiowebmx.com\/nota\/wp-json\/wp\/v2\/posts\/20065\/revisions\/20068"}],"wp:featuredmedia":[{"embeddable":true,"href":"https:\/\/radiowebmx.com\/nota\/wp-json\/wp\/v2\/media\/20066"}],"wp:attachment":[{"href":"https:\/\/radiowebmx.com\/nota\/wp-json\/wp\/v2\/media?parent=20065"}],"wp:term":[{"taxonomy":"category","embeddable":true,"href":"https:\/\/radiowebmx.com\/nota\/wp-json\/wp\/v2\/categories?post=20065"},{"taxonomy":"post_tag","embeddable":true,"href":"https:\/\/radiowebmx.com\/nota\/wp-json\/wp\/v2\/tags?post=20065"}],"curies":[{"name":"wp","href":"https:\/\/api.w.org\/{rel}","templated":true}]}}