{"id":20062,"date":"2015-12-03T12:09:16","date_gmt":"2015-12-03T18:09:16","guid":{"rendered":"https:\/\/radiowebmx.com\/nota\/?p=20062"},"modified":"2015-12-03T12:09:16","modified_gmt":"2015-12-03T18:09:16","slug":"morelia-sede-del-x-torneo-nacional-de-futbol-veteranos-platino","status":"publish","type":"post","link":"https:\/\/radiowebmx.com\/nota\/morelia-sede-del-x-torneo-nacional-de-futbol-veteranos-platino\/","title":{"rendered":"Morelia, sede del X Torneo Nacional de Futbol Veteranos Platino"},"content":{"rendered":"<p><a href=\"https:\/\/radiowebmx.com\/nota\/wp-content\/uploads\/2015\/12\/4.jpg\"><img loading=\"lazy\" decoding=\"async\" class=\"alignleft size-full wp-image-20063\" src=\"https:\/\/radiowebmx.com\/nota\/wp-content\/uploads\/2015\/12\/4.jpg\" alt=\"4\" width=\"591\" height=\"295\" srcset=\"https:\/\/radiowebmx.com\/nota\/wp-content\/uploads\/2015\/12\/4.jpg 591w, https:\/\/radiowebmx.com\/nota\/wp-content\/uploads\/2015\/12\/4-300x150.jpg 300w\" sizes=\"auto, (max-width: 591px) 100vw, 591px\" \/><\/a>Por segunda ocasi\u00f3n consecutiva y tercera en su historia, la ciudad de la cantera rosa recibir\u00e1 el Torneo Nacional de Futbol de Veteranos Platino, el cual contar\u00e1 con la participaci\u00f3n de 8 escuadras del pa\u00eds y que tendr\u00e1 verificativo del 7 al 12 de diciembre, en las canchas de la unidad deportiva Cuauht\u00e9moc. Michoac\u00e1n es el campe\u00f3n defensor del certamen.<\/p>\n<p>El ayuntamiento de Morelia, presidido por el Alcalde, Alfonso Mart\u00ednez Alc\u00e1zar, a trav\u00e9s del Instituto Municipal de Cultura F\u00edsica y Deporte (IMDE) y de su director general, Gustavo Ju\u00e1rez Bedolla, impulsa la competencia organizada por la Federaci\u00f3n Mexicana de Futbol (FMF), con el apoyo de la asociaci\u00f3n estatal de la especialidad.<\/p>\n<p>La capital del estado, fungir\u00e1 por tercera ocasi\u00f3n como sede del evento nacional, la m\u00e1s reciente de ellas fue el a\u00f1o pasado, en donde Michoac\u00e1n, por medio de un equipo de P\u00e1tzcuaro, se adjudic\u00f3 el t\u00edtulo de campe\u00f3n, mismo que buscar\u00e1n refrendar este 2015.<\/p>\n<p>En el anuncio del torneo se dieron cita: Gustavo Ju\u00e1rez Bedolla, director general del IMDE; Armando Contreras, subdirector de la Comisi\u00f3n Estatal de Cultura F\u00edsica\u00a0 Deporte (CECUFID); Felipe Nery Luna, presidente de la Asociaci\u00f3n Michoacana de Futbol; adem\u00e1s de Jos\u00e9 Mar\u00eda Ram\u00edrez, en representaci\u00f3n de la Liga de Futbol Siglo XX.<\/p>\n<p>\u201cNos sentimos honrados de recibir este torneo, ya que una de las encomiendas que nos dio nuestro Presidente Municipal, Alfonso Mart\u00ednez Alc\u00e1zar, es promover el deporte, por medio de este tipo de actividades, en este sector de la poblaci\u00f3n, que sin duda es parte fundamental para la reactivaci\u00f3n del tejido social\u201d, asegur\u00f3 el titular del IMDE, Alfonso Mart\u00ednez Alc\u00e1zar.<\/p>\n<p>Para esta edici\u00f3n, 8 equipos de diferentes puntos de la Rep\u00fablica Mexicana, entrar\u00e1n en disputa por alzarse como los mejores en el pa\u00eds dentro de la categor\u00eda de veteranos, del 7 al 12 de diciembre, en las instalaciones de la unidad deportiva Cuauht\u00e9moc, conocidas popularmente como \u201cPolic\u00eda y Tr\u00e1nsito\u201d, adem\u00e1s del estadio Venustiano Carranza, del Centro Deportivo Ej\u00e9rcito de la Revoluci\u00f3n (CDER), en donde se disputar\u00e1 la gran final.<\/p>\n","protected":false},"excerpt":{"rendered":"<p>Por segunda ocasi\u00f3n consecutiva y tercera en su historia, la ciudad de la cantera rosa recibir\u00e1 el Torneo Nacional de Futbol de Veteranos Platino,<\/p>\n","protected":false},"author":1,"featured_media":20063,"comment_status":"open","ping_status":"open","sticky":false,"template":"","format":"standard","meta":{"footnotes":""},"categories":[14,9],"tags":[],"class_list":["post-20062","post","type-post","status-publish","format-standard","has-post-thumbnail","hentry","category-destacadas","category-morelia"],"_links":{"self":[{"href":"https:\/\/radiowebmx.com\/nota\/wp-json\/wp\/v2\/posts\/20062","targetHints":{"allow":["GET"]}}],"collection":[{"href":"https:\/\/radiowebmx.com\/nota\/wp-json\/wp\/v2\/posts"}],"about":[{"href":"https:\/\/radiowebmx.com\/nota\/wp-json\/wp\/v2\/types\/post"}],"author":[{"embeddable":true,"href":"https:\/\/radiowebmx.com\/nota\/wp-json\/wp\/v2\/users\/1"}],"replies":[{"embeddable":true,"href":"https:\/\/radiowebmx.com\/nota\/wp-json\/wp\/v2\/comments?post=20062"}],"version-history":[{"count":1,"href":"https:\/\/radiowebmx.com\/nota\/wp-json\/wp\/v2\/posts\/20062\/revisions"}],"predecessor-version":[{"id":20064,"href":"https:\/\/radiowebmx.com\/nota\/wp-json\/wp\/v2\/posts\/20062\/revisions\/20064"}],"wp:featuredmedia":[{"embeddable":true,"href":"https:\/\/radiowebmx.com\/nota\/wp-json\/wp\/v2\/media\/20063"}],"wp:attachment":[{"href":"https:\/\/radiowebmx.com\/nota\/wp-json\/wp\/v2\/media?parent=20062"}],"wp:term":[{"taxonomy":"category","embeddable":true,"href":"https:\/\/radiowebmx.com\/nota\/wp-json\/wp\/v2\/categories?post=20062"},{"taxonomy":"post_tag","embeddable":true,"href":"https:\/\/radiowebmx.com\/nota\/wp-json\/wp\/v2\/tags?post=20062"}],"curies":[{"name":"wp","href":"https:\/\/api.w.org\/{rel}","templated":true}]}}