{"id":20059,"date":"2015-12-03T12:05:25","date_gmt":"2015-12-03T18:05:25","guid":{"rendered":"https:\/\/radiowebmx.com\/nota\/?p=20059"},"modified":"2015-12-03T12:05:25","modified_gmt":"2015-12-03T18:05:25","slug":"salvador-vega-ley-de-transicion-energetica-equilibrada-y-en-pro-de-mexico","status":"publish","type":"post","link":"https:\/\/radiowebmx.com\/nota\/salvador-vega-ley-de-transicion-energetica-equilibrada-y-en-pro-de-mexico\/","title":{"rendered":"SALVADOR VEGA: LEY DE TRANSICI\u00d3N ENERG\u00c9TICA, EQUILIBRADA Y EN PRO DE M\u00c9XICO"},"content":{"rendered":"<p class=\"ecxMsoNormal\"><a href=\"https:\/\/radiowebmx.com\/nota\/wp-content\/uploads\/2015\/12\/021215-SVC.jpg\"><img loading=\"lazy\" decoding=\"async\" class=\"alignleft size-full wp-image-20060\" src=\"https:\/\/radiowebmx.com\/nota\/wp-content\/uploads\/2015\/12\/021215-SVC.jpg\" alt=\"021215-SVC\" width=\"591\" height=\"300\" srcset=\"https:\/\/radiowebmx.com\/nota\/wp-content\/uploads\/2015\/12\/021215-SVC.jpg 591w, https:\/\/radiowebmx.com\/nota\/wp-content\/uploads\/2015\/12\/021215-SVC-300x152.jpg 300w\" sizes=\"auto, (max-width: 591px) 100vw, 591px\" \/><\/a>Ante el pleno del Senado de la Rep\u00fablica, el panista Salvador Vega Casillas, hizo uso de la m\u00e1xima Tribuna de M\u00e9xico para defender la Ley de Transici\u00f3n Energ\u00e9tica, misma que asegur\u00f3, se elabor\u00f3 totalmente en pro del pa\u00eds y los mexicanos, pues busca el equilibrio entre competitividad, desarrollo y cuidado del medio ambiente.<\/p>\n<p class=\"ecxMsoNormal\">\u201cEsta Ley de Transici\u00f3n Energ\u00e9tica viene de un compromiso que el pa\u00eds tiene desde hace varios a\u00f1os con el tema del cambio clim\u00e1tico y la protecci\u00f3n al medio ambiente. M\u00e9xico tiene leyes aprobadas con este fin desde el 2008 como la Ley de Aprovechamiento de Energ\u00edas Renovables, lo que buscamos esta vez es redondear este proceso, incluir energ\u00edas limpias, dar facilidades para que se impulse a trav\u00e9s de ellas el desarrollo energ\u00e9tico de M\u00e9xico&#8221;.<\/p>\n<p class=\"ecxMsoNormal\">Detall\u00f3 que la Ley armonizar\u00e1, organizar\u00e1 y diversificar\u00e1 la matriz energ\u00e9tica del pa\u00eds con la participaci\u00f3n de las energ\u00edas renovables, aprovechando tanto los hidrocarburos como la energ\u00eda solar, e\u00f3lica y geot\u00e9rmica, entre otras.<\/p>\n<p class=\"ecxMsoNormal\">Vega Casillas indic\u00f3 que se estima que de 2015 a 2019,\u00a0 habr\u00e1 inversiones por 1.2 billones de pesos para este tipo de energ\u00edas y apunt\u00f3, \u201cM\u00e9xico tiene una enorme riqueza energ\u00e9tica que debe aprovechar para impulsar el desarrollo, la creaci\u00f3n de empleos y el progreso sin que sea a costa del medio ambiente\u201d.<\/p>\n<p class=\"ecxMsoNormal\">El michoacano explic\u00f3 que los objetivos que esta Ley son promover y facilitar el cumplimiento de las metas en el uso de energ\u00edas limpias y la eficiencia energ\u00e9tica, establecer mecanismos de promoci\u00f3n de energ\u00edas renovables y la reducci\u00f3n de contaminantes, adem\u00e1s de reforzar los instrumentos de planeaci\u00f3n que tiene el gobierno para poder mejorar su uso.<\/p>\n<p class=\"ecxMsoNormal\">\u201cSe crea, y es muy importante, el programa de redes inteligentes, incorporando la energ\u00eda renovable y la generaci\u00f3n distribuida, una gran ventaja, no solamente para el uso eficiente de la energ\u00eda, sino tambi\u00e9n para los peque\u00f1os productores&#8221;.<\/p>\n<p class=\"ecxMsoNormal\">Salvador Vega Casillas concluy\u00f3 su participaci\u00f3n destacando que esta Ley promueve la investigaci\u00f3n cient\u00edfica y cierra de manera importante el proceso de la Reforma Energ\u00e9tica, pues busca equilibrar el desarrollo de esta industria, la competitividad\u00a0 y el cuidado del medio ambiente.<\/p>\n","protected":false},"excerpt":{"rendered":"<p>Ante el pleno del Senado de la Rep\u00fablica, el panista Salvador Vega Casillas, hizo uso de la m\u00e1xima Tribuna de M\u00e9xico para defender la Ley de Transici\u00f3n Energ\u00e9tica,<\/p>\n","protected":false},"author":1,"featured_media":20060,"comment_status":"open","ping_status":"open","sticky":false,"template":"","format":"standard","meta":{"footnotes":""},"categories":[6,14,8],"tags":[],"class_list":["post-20059","post","type-post","status-publish","format-standard","has-post-thumbnail","hentry","category-congreso-del-estado","category-destacadas","category-grupo-parlamentario-del-pan"],"_links":{"self":[{"href":"https:\/\/radiowebmx.com\/nota\/wp-json\/wp\/v2\/posts\/20059","targetHints":{"allow":["GET"]}}],"collection":[{"href":"https:\/\/radiowebmx.com\/nota\/wp-json\/wp\/v2\/posts"}],"about":[{"href":"https:\/\/radiowebmx.com\/nota\/wp-json\/wp\/v2\/types\/post"}],"author":[{"embeddable":true,"href":"https:\/\/radiowebmx.com\/nota\/wp-json\/wp\/v2\/users\/1"}],"replies":[{"embeddable":true,"href":"https:\/\/radiowebmx.com\/nota\/wp-json\/wp\/v2\/comments?post=20059"}],"version-history":[{"count":1,"href":"https:\/\/radiowebmx.com\/nota\/wp-json\/wp\/v2\/posts\/20059\/revisions"}],"predecessor-version":[{"id":20061,"href":"https:\/\/radiowebmx.com\/nota\/wp-json\/wp\/v2\/posts\/20059\/revisions\/20061"}],"wp:featuredmedia":[{"embeddable":true,"href":"https:\/\/radiowebmx.com\/nota\/wp-json\/wp\/v2\/media\/20060"}],"wp:attachment":[{"href":"https:\/\/radiowebmx.com\/nota\/wp-json\/wp\/v2\/media?parent=20059"}],"wp:term":[{"taxonomy":"category","embeddable":true,"href":"https:\/\/radiowebmx.com\/nota\/wp-json\/wp\/v2\/categories?post=20059"},{"taxonomy":"post_tag","embeddable":true,"href":"https:\/\/radiowebmx.com\/nota\/wp-json\/wp\/v2\/tags?post=20059"}],"curies":[{"name":"wp","href":"https:\/\/api.w.org\/{rel}","templated":true}]}}