{"id":20057,"date":"2015-12-03T12:01:41","date_gmt":"2015-12-03T18:01:41","guid":{"rendered":"https:\/\/radiowebmx.com\/nota\/?p=20057"},"modified":"2015-12-03T12:01:41","modified_gmt":"2015-12-03T18:01:41","slug":"proteccion-civil-y-bomberos-de-morelia-invita-a-tomar-precauciones-en-temporada-decembrina","status":"publish","type":"post","link":"https:\/\/radiowebmx.com\/nota\/proteccion-civil-y-bomberos-de-morelia-invita-a-tomar-precauciones-en-temporada-decembrina\/","title":{"rendered":"Protecci\u00f3n Civil y Bomberos de Morelia invita a tomar precauciones en temporada decembrina"},"content":{"rendered":"<p>Con la intenci\u00f3n de prevenir accidentes en los hogares de la capital michoacana en la temporada decembrina y con ello salvaguardar la integridad de los morelianos, la Direcci\u00f3n de Protecci\u00f3n Civil y de Bomberos del Ayuntamiento Morelia, que encabeza Eduardo Ram\u00edrez Canals, exhorta a la poblaci\u00f3n a tomar medidas de prevenci\u00f3n en estas fechas.<\/p>\n<p>El funcionario municipal reconoci\u00f3 que con motivo de las celebraciones navide\u00f1as, los accidentes en casa y automovilistas registran un notable incremento durante el mes de diciembre, los cuales se pueden evitar llevando a cabo las precauciones necesarias.<\/p>\n<p>En este tenor, indic\u00f3 que la Coordinaci\u00f3n Municipal de Protecci\u00f3n Civil, emite las recomendaciones ante la temporada invernal y por el marcado descenso de temperatura, heladas y vientos fuertes.<\/p>\n<p>En primer lugar, refiere, es fundamental dar atenci\u00f3n especial a ni\u00f1os y a personas enfermas y de la tercera edad, que son m\u00e1s vulnerables a los cambios bruscos de temperatura.<br \/>\nRam\u00edrez Canals recomienda a la poblaci\u00f3n abrigarse con ropa gruesa, tapar el rostro y la cabeza, as\u00ed como cubrir boca y nariz para evitar respirar el aire fr\u00edo, impidiendo contraer enfermedades respiratorias.<\/p>\n<p>En casa es necesario mantener una ventilaci\u00f3n adecuada en caso de usar alg\u00fan calefactor, horno o chimenea, para evitar intoxicaciones por mon\u00f3xido de carbono, adem\u00e1s no encender anafres o braseros dentro de lugares cerrados.<\/p>\n<p>Proteger a los menores, alej\u00e1ndolos de estufas, hornos o chimeneas y tener precauci\u00f3n al usar las velas, no dejarlas encendidas al salir de casa o dormir. Mientras que es importante no sobrecargar las tomas de corriente el\u00e9ctrica y desconectar los focos navide\u00f1os por las noches.<\/p>\n","protected":false},"excerpt":{"rendered":"<p>Con la intenci\u00f3n de prevenir accidentes en los hogares de la capital michoacana en la temporada decembrina y con ello salvaguardar la integridad de los morelianos, la Direcci\u00f3n de Protecci\u00f3n Civil y de Bomberos del Ayuntamiento Morelia,<\/p>\n","protected":false},"author":1,"featured_media":0,"comment_status":"open","ping_status":"open","sticky":false,"template":"","format":"standard","meta":{"footnotes":""},"categories":[9],"tags":[],"class_list":["post-20057","post","type-post","status-publish","format-standard","hentry","category-morelia"],"_links":{"self":[{"href":"https:\/\/radiowebmx.com\/nota\/wp-json\/wp\/v2\/posts\/20057","targetHints":{"allow":["GET"]}}],"collection":[{"href":"https:\/\/radiowebmx.com\/nota\/wp-json\/wp\/v2\/posts"}],"about":[{"href":"https:\/\/radiowebmx.com\/nota\/wp-json\/wp\/v2\/types\/post"}],"author":[{"embeddable":true,"href":"https:\/\/radiowebmx.com\/nota\/wp-json\/wp\/v2\/users\/1"}],"replies":[{"embeddable":true,"href":"https:\/\/radiowebmx.com\/nota\/wp-json\/wp\/v2\/comments?post=20057"}],"version-history":[{"count":1,"href":"https:\/\/radiowebmx.com\/nota\/wp-json\/wp\/v2\/posts\/20057\/revisions"}],"predecessor-version":[{"id":20058,"href":"https:\/\/radiowebmx.com\/nota\/wp-json\/wp\/v2\/posts\/20057\/revisions\/20058"}],"wp:attachment":[{"href":"https:\/\/radiowebmx.com\/nota\/wp-json\/wp\/v2\/media?parent=20057"}],"wp:term":[{"taxonomy":"category","embeddable":true,"href":"https:\/\/radiowebmx.com\/nota\/wp-json\/wp\/v2\/categories?post=20057"},{"taxonomy":"post_tag","embeddable":true,"href":"https:\/\/radiowebmx.com\/nota\/wp-json\/wp\/v2\/tags?post=20057"}],"curies":[{"name":"wp","href":"https:\/\/api.w.org\/{rel}","templated":true}]}}