{"id":20032,"date":"2015-12-02T11:54:40","date_gmt":"2015-12-02T17:54:40","guid":{"rendered":"https:\/\/radiowebmx.com\/nota\/?p=20032"},"modified":"2015-12-02T11:54:40","modified_gmt":"2015-12-02T17:54:40","slug":"exhorta-ayuntamiento-de-morelia-a-ciudadania-a-cuidar-espacios-publicos","status":"publish","type":"post","link":"https:\/\/radiowebmx.com\/nota\/exhorta-ayuntamiento-de-morelia-a-ciudadania-a-cuidar-espacios-publicos\/","title":{"rendered":"Exhorta Ayuntamiento de Morelia a ciudadan\u00eda a cuidar espacios p\u00fablicos"},"content":{"rendered":"<p><a href=\"https:\/\/radiowebmx.com\/nota\/wp-content\/uploads\/2015\/12\/20ab9f52-8db1-461b-9507-7aa970e88ae6.jpg\"><img loading=\"lazy\" decoding=\"async\" class=\"alignleft size-full wp-image-20033\" src=\"https:\/\/radiowebmx.com\/nota\/wp-content\/uploads\/2015\/12\/20ab9f52-8db1-461b-9507-7aa970e88ae6.jpg\" alt=\"20ab9f52-8db1-461b-9507-7aa970e88ae6\" width=\"591\" height=\"374\" srcset=\"https:\/\/radiowebmx.com\/nota\/wp-content\/uploads\/2015\/12\/20ab9f52-8db1-461b-9507-7aa970e88ae6.jpg 591w, https:\/\/radiowebmx.com\/nota\/wp-content\/uploads\/2015\/12\/20ab9f52-8db1-461b-9507-7aa970e88ae6-300x190.jpg 300w\" sizes=\"auto, (max-width: 591px) 100vw, 591px\" \/><\/a>La Secretar\u00eda de Servicios P\u00fablicos a trav\u00e9s de la Direcci\u00f3n de Parques y Jardines, hizo un exhorto a la ciudadan\u00eda a cuidar los espacios p\u00fablicos para que \u00e9stos conserven su belleza y sean lugares agradables para los morelianos y visitantes.<\/p>\n<p>Cabe destacar que desde los \u00faltimos d\u00edas de noviembre, dicha instancia municipal coloc\u00f3 plantas alusivas a la temporada decembrina en plazas y jardines, con lo cual se ha mejorado la imagen urbana del municipio con nochebuenas en diversos puntos de la ciudad.<\/p>\n<p>No obstante, se tienen reportes de algunos da\u00f1os provocados por animales que libremente ingresan a los jardines y da\u00f1an las flores, por lo cual se pide a la ciudadan\u00eda que colabore y vigile a sus mascotas para que no afecten estos espacios.<\/p>\n<p>El secretario de Servicios P\u00fablicos, Jos\u00e9 Luis Gil V\u00e1zquez, destac\u00f3 que el cuidado de las \u00e1reas recreativas, requiere de la colaboraci\u00f3n de sociedad y Gobierno, y en este sentido es fundamental que los morelianos participen para mantener bellos los lugares p\u00fablicos.<\/p>\n<p>Morelia se ha caracterizado por tener \u00e1reas verdes tem\u00e1ticas de acuerdo a la temporada del a\u00f1o y para mejorar esta labor y conservar mejor los recursos invertidos en decoraci\u00f3n por la \u00e9poca navide\u00f1a, se reitera la invitaci\u00f3n para que la ciudadan\u00eda colabore en este fin.<\/p>\n","protected":false},"excerpt":{"rendered":"<p>La Secretar\u00eda de Servicios P\u00fablicos a trav\u00e9s de la Direcci\u00f3n de Parques y Jardines, hizo un exhorto a la ciudadan\u00eda a cuidar los espacios p\u00fablicos para que \u00e9stos conserven su belleza y sean lugares agradables para los morelianos y visitantes.<\/p>\n","protected":false},"author":1,"featured_media":20033,"comment_status":"open","ping_status":"open","sticky":false,"template":"","format":"standard","meta":{"footnotes":""},"categories":[14,9],"tags":[],"class_list":["post-20032","post","type-post","status-publish","format-standard","has-post-thumbnail","hentry","category-destacadas","category-morelia"],"_links":{"self":[{"href":"https:\/\/radiowebmx.com\/nota\/wp-json\/wp\/v2\/posts\/20032","targetHints":{"allow":["GET"]}}],"collection":[{"href":"https:\/\/radiowebmx.com\/nota\/wp-json\/wp\/v2\/posts"}],"about":[{"href":"https:\/\/radiowebmx.com\/nota\/wp-json\/wp\/v2\/types\/post"}],"author":[{"embeddable":true,"href":"https:\/\/radiowebmx.com\/nota\/wp-json\/wp\/v2\/users\/1"}],"replies":[{"embeddable":true,"href":"https:\/\/radiowebmx.com\/nota\/wp-json\/wp\/v2\/comments?post=20032"}],"version-history":[{"count":2,"href":"https:\/\/radiowebmx.com\/nota\/wp-json\/wp\/v2\/posts\/20032\/revisions"}],"predecessor-version":[{"id":20035,"href":"https:\/\/radiowebmx.com\/nota\/wp-json\/wp\/v2\/posts\/20032\/revisions\/20035"}],"wp:featuredmedia":[{"embeddable":true,"href":"https:\/\/radiowebmx.com\/nota\/wp-json\/wp\/v2\/media\/20033"}],"wp:attachment":[{"href":"https:\/\/radiowebmx.com\/nota\/wp-json\/wp\/v2\/media?parent=20032"}],"wp:term":[{"taxonomy":"category","embeddable":true,"href":"https:\/\/radiowebmx.com\/nota\/wp-json\/wp\/v2\/categories?post=20032"},{"taxonomy":"post_tag","embeddable":true,"href":"https:\/\/radiowebmx.com\/nota\/wp-json\/wp\/v2\/tags?post=20032"}],"curies":[{"name":"wp","href":"https:\/\/api.w.org\/{rel}","templated":true}]}}