{"id":20026,"date":"2015-12-02T11:22:53","date_gmt":"2015-12-02T17:22:53","guid":{"rendered":"https:\/\/radiowebmx.com\/nota\/?p=20026"},"modified":"2015-12-02T11:22:53","modified_gmt":"2015-12-02T17:22:53","slug":"arranca-dif-morelia-actividades-con-motivo-del-dia-internacional-de-las-personas-con-discapacidad","status":"publish","type":"post","link":"https:\/\/radiowebmx.com\/nota\/arranca-dif-morelia-actividades-con-motivo-del-dia-internacional-de-las-personas-con-discapacidad\/","title":{"rendered":"Arranca DIF Morelia actividades con motivo del D\u00eda Internacional de las Personas con Discapacidad"},"content":{"rendered":"<p><a href=\"https:\/\/radiowebmx.com\/nota\/wp-content\/uploads\/2015\/12\/4b6eebde-c37b-4f0a-aa59-aa55a1e5371e.jpg\"><img loading=\"lazy\" decoding=\"async\" class=\"alignleft size-full wp-image-20027\" src=\"https:\/\/radiowebmx.com\/nota\/wp-content\/uploads\/2015\/12\/4b6eebde-c37b-4f0a-aa59-aa55a1e5371e.jpg\" alt=\"4b6eebde-c37b-4f0a-aa59-aa55a1e5371e\" width=\"591\" height=\"324\" srcset=\"https:\/\/radiowebmx.com\/nota\/wp-content\/uploads\/2015\/12\/4b6eebde-c37b-4f0a-aa59-aa55a1e5371e.jpg 591w, https:\/\/radiowebmx.com\/nota\/wp-content\/uploads\/2015\/12\/4b6eebde-c37b-4f0a-aa59-aa55a1e5371e-300x164.jpg 300w\" sizes=\"auto, (max-width: 591px) 100vw, 591px\" \/><\/a>Para el Ayuntamiento de Morelia que encabeza el Presidente Municipal Alfonso Mart\u00ednez Alc\u00e1zar, es una prioridad promover y salvaguardar los derechos de las personas con discapacidad, a trav\u00e9s de pol\u00edticas p\u00fablicas inclusivas y accesibles para todos.<\/p>\n<p>Lo anterior lo afirm\u00f3 la encargada de despacho de la Direcci\u00f3n del Sistema DIF Municipal, Carla Isamara Hern\u00e1ndez L\u00f3pez, al dar inicio a las actividades con motivo del D\u00eda Internacional de las Personas con Discapacidad, a celebrarse el pr\u00f3ximo 3 de diciembre.<\/p>\n<p>Teniendo como escenario Centro de Atenci\u00f3n Integral para la Cultura de la Discapacidad (CAICD), la funcionaria manifest\u00f3 la voluntad de la Presidenta Honoraria del DIF Morelia, Paola Delgadillo de Mart\u00ednez, por fomentar acciones a favor de los grupos vulnerables, logrando su integraci\u00f3n en la sociedad.<\/p>\n<p>\u201cPromover los derechos de las personas con discapacidad es un compromiso social, pol\u00edtico y moral, apegado a la igualdad sin distinci\u00f3n de creencias, razas, y condici\u00f3n social. Hoy no puede haber miradas que limiten nuestra incapacidad humana para entender que todos somos iguales\u201d, se\u00f1al\u00f3.<\/p>\n<p>En compa\u00f1\u00eda de la coordinadora del CAICD, Ana Isabel \u00c1vila Mungu\u00eda, as\u00ed como la representante del Centro de Equinoterapia y Equitaci\u00f3n, Cabalga I.A.P., \u00a0Marta Beatriz Figueroa Zamudio, llam\u00f3 a la sociedad a hacer un esfuerzo colectivo por buscar salvaguardar y proteger a quienes por sus condiciones requieren de mayor apoyo.<\/p>\n<p>Como parte de estas actividades, en coordinaci\u00f3n con asociaciones civiles, se llevaron a cabo una serie de justas deportivas dedicadas a este sector poblacional, tales como un torneo de Goal-Ball, exhibici\u00f3n de Taekwondo, Tai-ch\u00ed y b\u00e1squet ball; una presentaci\u00f3n de baile en silla de ruedas y la presentaci\u00f3n del Coro de la Inclusi\u00f3n.<\/p>\n","protected":false},"excerpt":{"rendered":"<p>Para el Ayuntamiento de Morelia que encabeza el Presidente Municipal Alfonso Mart\u00ednez Alc\u00e1zar, es una prioridad promover y salvaguardar los derechos de las personas con discapacidad,<\/p>\n","protected":false},"author":1,"featured_media":20027,"comment_status":"open","ping_status":"open","sticky":false,"template":"","format":"standard","meta":{"footnotes":""},"categories":[14,9],"tags":[],"class_list":["post-20026","post","type-post","status-publish","format-standard","has-post-thumbnail","hentry","category-destacadas","category-morelia"],"_links":{"self":[{"href":"https:\/\/radiowebmx.com\/nota\/wp-json\/wp\/v2\/posts\/20026","targetHints":{"allow":["GET"]}}],"collection":[{"href":"https:\/\/radiowebmx.com\/nota\/wp-json\/wp\/v2\/posts"}],"about":[{"href":"https:\/\/radiowebmx.com\/nota\/wp-json\/wp\/v2\/types\/post"}],"author":[{"embeddable":true,"href":"https:\/\/radiowebmx.com\/nota\/wp-json\/wp\/v2\/users\/1"}],"replies":[{"embeddable":true,"href":"https:\/\/radiowebmx.com\/nota\/wp-json\/wp\/v2\/comments?post=20026"}],"version-history":[{"count":1,"href":"https:\/\/radiowebmx.com\/nota\/wp-json\/wp\/v2\/posts\/20026\/revisions"}],"predecessor-version":[{"id":20028,"href":"https:\/\/radiowebmx.com\/nota\/wp-json\/wp\/v2\/posts\/20026\/revisions\/20028"}],"wp:featuredmedia":[{"embeddable":true,"href":"https:\/\/radiowebmx.com\/nota\/wp-json\/wp\/v2\/media\/20027"}],"wp:attachment":[{"href":"https:\/\/radiowebmx.com\/nota\/wp-json\/wp\/v2\/media?parent=20026"}],"wp:term":[{"taxonomy":"category","embeddable":true,"href":"https:\/\/radiowebmx.com\/nota\/wp-json\/wp\/v2\/categories?post=20026"},{"taxonomy":"post_tag","embeddable":true,"href":"https:\/\/radiowebmx.com\/nota\/wp-json\/wp\/v2\/tags?post=20026"}],"curies":[{"name":"wp","href":"https:\/\/api.w.org\/{rel}","templated":true}]}}