{"id":20020,"date":"2015-12-02T11:16:54","date_gmt":"2015-12-02T17:16:54","guid":{"rendered":"https:\/\/radiowebmx.com\/nota\/?p=20020"},"modified":"2015-12-02T11:16:54","modified_gmt":"2015-12-02T17:16:54","slug":"instala-alcalde-alfonso-martinez-consejo-municipal-de-ecologia","status":"publish","type":"post","link":"https:\/\/radiowebmx.com\/nota\/instala-alcalde-alfonso-martinez-consejo-municipal-de-ecologia\/","title":{"rendered":"Instala Alcalde Alfonso Mart\u00ednez Consejo Municipal de Ecolog\u00eda"},"content":{"rendered":"<p><a href=\"https:\/\/radiowebmx.com\/nota\/wp-content\/uploads\/2015\/12\/6c35f2fe-7383-42ea-b511-a6c0bb3858b1.jpg\"><img loading=\"lazy\" decoding=\"async\" class=\"alignleft size-full wp-image-20021\" src=\"https:\/\/radiowebmx.com\/nota\/wp-content\/uploads\/2015\/12\/6c35f2fe-7383-42ea-b511-a6c0bb3858b1.jpg\" alt=\"6c35f2fe-7383-42ea-b511-a6c0bb3858b1\" width=\"591\" height=\"268\" srcset=\"https:\/\/radiowebmx.com\/nota\/wp-content\/uploads\/2015\/12\/6c35f2fe-7383-42ea-b511-a6c0bb3858b1.jpg 591w, https:\/\/radiowebmx.com\/nota\/wp-content\/uploads\/2015\/12\/6c35f2fe-7383-42ea-b511-a6c0bb3858b1-300x136.jpg 300w\" sizes=\"auto, (max-width: 591px) 100vw, 591px\" \/><\/a>Con la intenci\u00f3n de que sociedad y Gobierno determinen pol\u00edticas p\u00fablicas en pro del medio ambiente, que permita sentar las bases para el crecimiento ordenado y \u00a0de un futuro sustentable de la ciudad, el Presidente Municipal de Morelia, Alfonso Mart\u00ednez Alc\u00e1zar, tom\u00f3 protesta a los integrantes del Consejo Municipal de Ecolog\u00eda.<\/p>\n<p>Durante la primera reuni\u00f3n de este consejo, conformado por el Secretario de Urbanismo y Medio Ambiente estatal (SUMA), Ricardo Luna Garc\u00eda, el Procurador Ambiental, Juan Carlos Vega Sol\u00f3rzano, la regidora Mar\u00eda Elisa Garrido P\u00e9rez, el Secretario de Urbanismo y Medio Ambiente Municipal, Juan Fernando Sosa Tapia, funcionarios federales, estatales y municipales involucrados, as\u00ed como acad\u00e9micos y representantes de asociaciones civiles, el Alcalde subray\u00f3 que la participaci\u00f3n ciudadana es un eje prioritario en el gobierno municipal.<\/p>\n<p>\u201cM\u00e1s all\u00e1 de un tema de simulaci\u00f3n, algo que identifica a la actual administraci\u00f3n es la participaci\u00f3n ciudadana; nos interesa que realmente haya aportaci\u00f3n de la sociedad en la toma de decisiones del municipio, en este caso con la valiosa contribuci\u00f3n de expertos en la materia\u201d, especific\u00f3.<\/p>\n<p>Reconoci\u00f3 que en los \u00faltimos a\u00f1os, Morelia ha crecido de manera desordenada, por lo que urge tomar acciones correctivas y reactivas, a la par que es necesario sentar las bases para que el crecimiento de la ciudad sea proactivo en materia ambiental y sustentable.<\/p>\n<p>En su intervenci\u00f3n, el titular de SUMA, Ricardo Luna, hizo un reconocimiento al dinamismo que ha tenido el Ayuntamiento por realizar acciones a favor del medio ambiente y puso sobre la mesa impulsar y canalizar acciones, desde los tres niveles de gobierno, en referencia a los temas que ya inici\u00f3 la Administraci\u00f3n municipal como el saneamiento de aguas, el rescate del Manantial de la Mintzita y los proyectos de mejoramiento de la imagen urbana de los R\u00edos Grande y Chiquito.<\/p>\n<p>Por su parte, la regidora Mar\u00eda Elisa Garrido, indic\u00f3 que con la instalaci\u00f3n de este Consejo, el gobierno da un paso un paso fundamental para confeccionar acciones ambientales en beneficio de los morelianos.<\/p>\n","protected":false},"excerpt":{"rendered":"<p>Con la intenci\u00f3n de que sociedad y Gobierno determinen pol\u00edticas p\u00fablicas en pro del medio ambiente, que permita sentar las bases para el crecimiento ordenado y  de un futuro sustentable de la ciudad, <\/p>\n","protected":false},"author":1,"featured_media":20021,"comment_status":"open","ping_status":"open","sticky":false,"template":"","format":"standard","meta":{"footnotes":""},"categories":[14,9],"tags":[],"class_list":["post-20020","post","type-post","status-publish","format-standard","has-post-thumbnail","hentry","category-destacadas","category-morelia"],"_links":{"self":[{"href":"https:\/\/radiowebmx.com\/nota\/wp-json\/wp\/v2\/posts\/20020","targetHints":{"allow":["GET"]}}],"collection":[{"href":"https:\/\/radiowebmx.com\/nota\/wp-json\/wp\/v2\/posts"}],"about":[{"href":"https:\/\/radiowebmx.com\/nota\/wp-json\/wp\/v2\/types\/post"}],"author":[{"embeddable":true,"href":"https:\/\/radiowebmx.com\/nota\/wp-json\/wp\/v2\/users\/1"}],"replies":[{"embeddable":true,"href":"https:\/\/radiowebmx.com\/nota\/wp-json\/wp\/v2\/comments?post=20020"}],"version-history":[{"count":1,"href":"https:\/\/radiowebmx.com\/nota\/wp-json\/wp\/v2\/posts\/20020\/revisions"}],"predecessor-version":[{"id":20022,"href":"https:\/\/radiowebmx.com\/nota\/wp-json\/wp\/v2\/posts\/20020\/revisions\/20022"}],"wp:featuredmedia":[{"embeddable":true,"href":"https:\/\/radiowebmx.com\/nota\/wp-json\/wp\/v2\/media\/20021"}],"wp:attachment":[{"href":"https:\/\/radiowebmx.com\/nota\/wp-json\/wp\/v2\/media?parent=20020"}],"wp:term":[{"taxonomy":"category","embeddable":true,"href":"https:\/\/radiowebmx.com\/nota\/wp-json\/wp\/v2\/categories?post=20020"},{"taxonomy":"post_tag","embeddable":true,"href":"https:\/\/radiowebmx.com\/nota\/wp-json\/wp\/v2\/tags?post=20020"}],"curies":[{"name":"wp","href":"https:\/\/api.w.org\/{rel}","templated":true}]}}