{"id":20015,"date":"2015-12-02T11:08:58","date_gmt":"2015-12-02T17:08:58","guid":{"rendered":"https:\/\/radiowebmx.com\/nota\/?p=20015"},"modified":"2015-12-02T11:11:38","modified_gmt":"2015-12-02T17:11:38","slug":"comision-especial-de-grupos-vulnerables-se-prepara-para-elaborar-plan-de-trabajo-2016","status":"publish","type":"post","link":"https:\/\/radiowebmx.com\/nota\/comision-especial-de-grupos-vulnerables-se-prepara-para-elaborar-plan-de-trabajo-2016\/","title":{"rendered":"Comisi\u00f3n Especial de Grupos Vulnerables se prepara para elaborar plan de trabajo 2016"},"content":{"rendered":"<div>\n<p><a href=\"https:\/\/radiowebmx.com\/nota\/wp-content\/uploads\/2015\/12\/edc5f46b-5acf-43be-82f7-0a21b4588ccd.jpg\"><img loading=\"lazy\" decoding=\"async\" class=\"alignleft size-full wp-image-20016\" src=\"https:\/\/radiowebmx.com\/nota\/wp-content\/uploads\/2015\/12\/edc5f46b-5acf-43be-82f7-0a21b4588ccd.jpg\" alt=\"edc5f46b-5acf-43be-82f7-0a21b4588ccd\" width=\"591\" height=\"240\" srcset=\"https:\/\/radiowebmx.com\/nota\/wp-content\/uploads\/2015\/12\/edc5f46b-5acf-43be-82f7-0a21b4588ccd.jpg 591w, https:\/\/radiowebmx.com\/nota\/wp-content\/uploads\/2015\/12\/edc5f46b-5acf-43be-82f7-0a21b4588ccd-300x122.jpg 300w\" sizes=\"auto, (max-width: 591px) 100vw, 591px\" \/><\/a>En reuni\u00f3n de trabajo, la Comisi\u00f3n Especial de Atenci\u00f3n\u00a0 a Grupos Vulnerables que encabeza la regidora, Claudia Leticia L\u00e1zaro Medina, dio cuenta de las acciones realizadas para promover la cultura de la inclusi\u00f3n al interior del Ayuntamiento de Morelia y definir la estrategia con miras al pr\u00f3ximo a\u00f1o.<\/p>\n<p>Entre los temas abordados, se explicaron los avances de la capacitaci\u00f3n\u00a0 realizada el pasado 26 de noviembre, titulada \u201cEl lenguaje de la inclusi\u00f3n\u201d, la cual fue dirigida a trabajadores de la Secretar\u00eda de Desarrollo Social y del DIF Municipal.<\/p>\n<p>Los integrantes de la comisi\u00f3n especial, Alma Bahena Villalobos, Mar\u00eda Elena Garrido P\u00e9rez y Jorge Luis Tinoco \u00a0conocieron de viva voz de los participantes, la finalidad de este curso que fue el \u00a0mejorar la atenci\u00f3n que el Gobierno Municipal brinda a las personas con discapacidad.<\/p>\n<\/div>\n<p>&nbsp;<\/p>\n<div>\n<p>Asimismo, L\u00e1zaro Medina se pronunci\u00f3 por promover un v\u00ednculo de mayor coordinaci\u00f3n \u00a0con la Comisi\u00f3n Estatal de Derechos Humanos y que m\u00e1s funcionarios municipales puedan acceder a capacitaci\u00f3n que les permita mejorar su atenci\u00f3n a la ciudadan\u00eda.<\/p>\n<p>Adem\u00e1s se acord\u00f3 en la siguiente sesi\u00f3n abordar los puntos, acciones y programas a incluir en el plan de trabajo de la comisi\u00f3n para el siguiente a\u00f1o 2016.<\/p>\n<p>De esta forma, el Ayuntamiento de Morelia fortalece las acciones encaminadas a brindar un servicio de calidad a la poblaci\u00f3n, haciendo part\u00edcipes a los funcionarios p\u00fablicos y trabajadores encargados de mantener un trato directo con los morelianos, de temas fundamentales como la inclusi\u00f3n y el trato que merecen las personas con discapacidad.<\/p>\n<\/div>\n","protected":false},"excerpt":{"rendered":"<p>En reuni\u00f3n de trabajo, la Comisi\u00f3n Especial de Atenci\u00f3n  a Grupos Vulnerables que encabeza la regidora, Claudia Leticia L\u00e1zaro Medina, <\/p>\n","protected":false},"author":1,"featured_media":20016,"comment_status":"open","ping_status":"open","sticky":false,"template":"","format":"standard","meta":{"footnotes":""},"categories":[14,9],"tags":[],"class_list":["post-20015","post","type-post","status-publish","format-standard","has-post-thumbnail","hentry","category-destacadas","category-morelia"],"_links":{"self":[{"href":"https:\/\/radiowebmx.com\/nota\/wp-json\/wp\/v2\/posts\/20015","targetHints":{"allow":["GET"]}}],"collection":[{"href":"https:\/\/radiowebmx.com\/nota\/wp-json\/wp\/v2\/posts"}],"about":[{"href":"https:\/\/radiowebmx.com\/nota\/wp-json\/wp\/v2\/types\/post"}],"author":[{"embeddable":true,"href":"https:\/\/radiowebmx.com\/nota\/wp-json\/wp\/v2\/users\/1"}],"replies":[{"embeddable":true,"href":"https:\/\/radiowebmx.com\/nota\/wp-json\/wp\/v2\/comments?post=20015"}],"version-history":[{"count":2,"href":"https:\/\/radiowebmx.com\/nota\/wp-json\/wp\/v2\/posts\/20015\/revisions"}],"predecessor-version":[{"id":20019,"href":"https:\/\/radiowebmx.com\/nota\/wp-json\/wp\/v2\/posts\/20015\/revisions\/20019"}],"wp:featuredmedia":[{"embeddable":true,"href":"https:\/\/radiowebmx.com\/nota\/wp-json\/wp\/v2\/media\/20016"}],"wp:attachment":[{"href":"https:\/\/radiowebmx.com\/nota\/wp-json\/wp\/v2\/media?parent=20015"}],"wp:term":[{"taxonomy":"category","embeddable":true,"href":"https:\/\/radiowebmx.com\/nota\/wp-json\/wp\/v2\/categories?post=20015"},{"taxonomy":"post_tag","embeddable":true,"href":"https:\/\/radiowebmx.com\/nota\/wp-json\/wp\/v2\/tags?post=20015"}],"curies":[{"name":"wp","href":"https:\/\/api.w.org\/{rel}","templated":true}]}}