{"id":20012,"date":"2015-12-02T10:54:13","date_gmt":"2015-12-02T16:54:13","guid":{"rendered":"https:\/\/radiowebmx.com\/nota\/?p=20012"},"modified":"2015-12-02T10:54:13","modified_gmt":"2015-12-02T16:54:13","slug":"en-un-hecho-historico-aprueba-cabildo-de-morelia-modificacion-al-bando-de-gobierno-municipal","status":"publish","type":"post","link":"https:\/\/radiowebmx.com\/nota\/en-un-hecho-historico-aprueba-cabildo-de-morelia-modificacion-al-bando-de-gobierno-municipal\/","title":{"rendered":"En un hecho hist\u00f3rico, aprueba Cabildo de Morelia modificaci\u00f3n al Bando de Gobierno municipal"},"content":{"rendered":"<p><a href=\"https:\/\/radiowebmx.com\/nota\/wp-content\/uploads\/2015\/12\/7b29c751-148c-4702-946d-1fa6761ed3ac.jpg\"><img loading=\"lazy\" decoding=\"async\" class=\"alignleft size-full wp-image-20013\" src=\"https:\/\/radiowebmx.com\/nota\/wp-content\/uploads\/2015\/12\/7b29c751-148c-4702-946d-1fa6761ed3ac.jpg\" alt=\"7b29c751-148c-4702-946d-1fa6761ed3ac\" width=\"591\" height=\"326\" srcset=\"https:\/\/radiowebmx.com\/nota\/wp-content\/uploads\/2015\/12\/7b29c751-148c-4702-946d-1fa6761ed3ac.jpg 591w, https:\/\/radiowebmx.com\/nota\/wp-content\/uploads\/2015\/12\/7b29c751-148c-4702-946d-1fa6761ed3ac-300x165.jpg 300w, https:\/\/radiowebmx.com\/nota\/wp-content\/uploads\/2015\/12\/7b29c751-148c-4702-946d-1fa6761ed3ac-284x158.jpg 284w, https:\/\/radiowebmx.com\/nota\/wp-content\/uploads\/2015\/12\/7b29c751-148c-4702-946d-1fa6761ed3ac-128x72.jpg 128w\" sizes=\"auto, (max-width: 591px) 100vw, 591px\" \/><\/a>En un hecho sin precedentes, en sesi\u00f3n extraordinaria de Cabildo, se\u00a0 aprob\u00f3 por mayor\u00eda, con 13 votos a favor y uno en contra, el dictamen que contiene el Bando de Gobierno del Municipio de Morelia, referente a la reingenier\u00eda de la administraci\u00f3n municipal, con lo que se modifica la estructura org\u00e1nica del Ayuntamiento en aras de optimizar el servicio p\u00fablico en beneficio de los morelianos.<\/p>\n<p>Mejorar la eficiencia de la administraci\u00f3n p\u00fablica municipal, reducir puestos administrativos y ahorrar, alinear la estructura de la administraci\u00f3n a la visi\u00f3n del gobierno y el Plan de Desarrollo Municipal 2015- 2018, combatir la corrupci\u00f3n, promover la participaci\u00f3n ciudadana, as\u00ed como propulsar las vocaciones productivas locales, destacan ente los principales objetivos del nuevo Bando.<\/p>\n<p>Durante la sesi\u00f3n celebrada este lunes en las instalaciones del Palacio Municipal, el Presidente Municipal Alfonso Mart\u00ednez Alc\u00e1zar, destac\u00f3 que de manera hist\u00f3rica el cuerpo colegiado aval\u00f3 la actualizaci\u00f3n y modificaci\u00f3n de la estructura org\u00e1nica municipal, con el prop\u00f3sito de hacerlo m\u00e1s a acorde a la realidad que viven los ciudadanos.<\/p>\n<p>\u201cPronto podremos hacer p\u00fablicos los resultados de esta modificaci\u00f3n tanto econ\u00f3micos, como en cuesti\u00f3n de la eficiencia administrativa y podremos romper con los c\u00edrculos de corrupci\u00f3n que han existo en las administraciones\u201d, puntualiz\u00f3.<\/p>\n","protected":false},"excerpt":{"rendered":"<p>En un hecho sin precedentes, en sesi\u00f3n extraordinaria de Cabildo, se  aprob\u00f3 por mayor\u00eda, con 13 votos a favor y uno en contra, el dictamen que contiene el Bando de Gobierno del Municipio de Morelia,<\/p>\n","protected":false},"author":1,"featured_media":20013,"comment_status":"open","ping_status":"open","sticky":false,"template":"","format":"standard","meta":{"footnotes":""},"categories":[14,9],"tags":[],"class_list":["post-20012","post","type-post","status-publish","format-standard","has-post-thumbnail","hentry","category-destacadas","category-morelia"],"_links":{"self":[{"href":"https:\/\/radiowebmx.com\/nota\/wp-json\/wp\/v2\/posts\/20012","targetHints":{"allow":["GET"]}}],"collection":[{"href":"https:\/\/radiowebmx.com\/nota\/wp-json\/wp\/v2\/posts"}],"about":[{"href":"https:\/\/radiowebmx.com\/nota\/wp-json\/wp\/v2\/types\/post"}],"author":[{"embeddable":true,"href":"https:\/\/radiowebmx.com\/nota\/wp-json\/wp\/v2\/users\/1"}],"replies":[{"embeddable":true,"href":"https:\/\/radiowebmx.com\/nota\/wp-json\/wp\/v2\/comments?post=20012"}],"version-history":[{"count":1,"href":"https:\/\/radiowebmx.com\/nota\/wp-json\/wp\/v2\/posts\/20012\/revisions"}],"predecessor-version":[{"id":20014,"href":"https:\/\/radiowebmx.com\/nota\/wp-json\/wp\/v2\/posts\/20012\/revisions\/20014"}],"wp:featuredmedia":[{"embeddable":true,"href":"https:\/\/radiowebmx.com\/nota\/wp-json\/wp\/v2\/media\/20013"}],"wp:attachment":[{"href":"https:\/\/radiowebmx.com\/nota\/wp-json\/wp\/v2\/media?parent=20012"}],"wp:term":[{"taxonomy":"category","embeddable":true,"href":"https:\/\/radiowebmx.com\/nota\/wp-json\/wp\/v2\/categories?post=20012"},{"taxonomy":"post_tag","embeddable":true,"href":"https:\/\/radiowebmx.com\/nota\/wp-json\/wp\/v2\/tags?post=20012"}],"curies":[{"name":"wp","href":"https:\/\/api.w.org\/{rel}","templated":true}]}}