{"id":20006,"date":"2015-12-02T10:47:08","date_gmt":"2015-12-02T16:47:08","guid":{"rendered":"https:\/\/radiowebmx.com\/nota\/?p=20006"},"modified":"2015-12-02T10:47:08","modified_gmt":"2015-12-02T16:47:08","slug":"ayuntamiento-de-morelia-firma-convenio-con-icatmi-para-promover-autoempleo-en-grupos-vulnerables","status":"publish","type":"post","link":"https:\/\/radiowebmx.com\/nota\/ayuntamiento-de-morelia-firma-convenio-con-icatmi-para-promover-autoempleo-en-grupos-vulnerables\/","title":{"rendered":"Ayuntamiento de Morelia firma convenio con ICATMI para promover autoempleo en grupos vulnerables"},"content":{"rendered":"<p><a href=\"https:\/\/radiowebmx.com\/nota\/wp-content\/uploads\/2015\/12\/3a41205e-f94d-4241-89a4-7be2e6dbdb6c.jpg\"><img loading=\"lazy\" decoding=\"async\" class=\"alignleft size-full wp-image-20007\" src=\"https:\/\/radiowebmx.com\/nota\/wp-content\/uploads\/2015\/12\/3a41205e-f94d-4241-89a4-7be2e6dbdb6c.jpg\" alt=\"3a41205e-f94d-4241-89a4-7be2e6dbdb6c\" width=\"591\" height=\"330\" srcset=\"https:\/\/radiowebmx.com\/nota\/wp-content\/uploads\/2015\/12\/3a41205e-f94d-4241-89a4-7be2e6dbdb6c.jpg 591w, https:\/\/radiowebmx.com\/nota\/wp-content\/uploads\/2015\/12\/3a41205e-f94d-4241-89a4-7be2e6dbdb6c-300x168.jpg 300w, https:\/\/radiowebmx.com\/nota\/wp-content\/uploads\/2015\/12\/3a41205e-f94d-4241-89a4-7be2e6dbdb6c-284x158.jpg 284w, https:\/\/radiowebmx.com\/nota\/wp-content\/uploads\/2015\/12\/3a41205e-f94d-4241-89a4-7be2e6dbdb6c-128x72.jpg 128w\" sizes=\"auto, (max-width: 591px) 100vw, 591px\" \/><\/a>Con el prop\u00f3sito de promover la capacitaci\u00f3n para el trabajo y dar formalidad a sectores vulnerables de la poblaci\u00f3n en Morelia, el Ayuntamiento firm\u00f3 un convenio de colaboraci\u00f3n con el Instituto de Capacitaci\u00f3n para el Trabajo (ICATMI), el cual es un buen\u00a0signo de la colaboraci\u00f3n estrecha entre la Administraci\u00f3n Municipal y el Gobierno del Estado, que se da a trav\u00e9s del Secretariado Ejecutivo del Sistema Estatal de Seguridad P\u00fablica, encabezado por Dolores de los \u00c1ngeles N\u00e1zares Jer\u00f3nimo,\u00a0para atender uno de los temas m\u00e1s sensibles de la sociedad, como es el desempleo.<\/p>\n<p>Reunidos en la Sala de Regidores, el Alcalde se\u00f1al\u00f3 que la realidad social ha obligado a muchas personas a buscar el sustento en las calles por no tener alguna alternativa para emplearse de manera formal, por lo cual se ofrecer\u00e1n talleres enfocados a aprender oficios dirigidos a mujeres, poblaci\u00f3n liberada del sistema penitenciario, entre otros, en el marco de los\u00a0\u201cProyectos Productivos\u201d del Programa Nacional de Prevenci\u00f3n del Delito (PRONAPRED).<\/p>\n<p>\u201cYo he platicado con algunas personas en la calle de este tema y ellos est\u00e1n ah\u00ed porque no tiene otra alternativa, otra posibilidad, esta es la puerta de entrada para dar otras alternativas por medio de la capacitaci\u00f3n\u201d, dijo.<\/p>\n<p>Mart\u00ednez Alc\u00e1zar invit\u00f3 a no centrarse en la educaci\u00f3n tradicional y abarcar todas las realidades sociales existentes en la ciudad, en la cual dijo se necesita una mayor gama de oportunidades para darles a todos los morelianos mayores oportunidades para mejorar \u00a0su calidad de vida.<\/p>\n<p>En su oportunidad, la secretaria de Fomento Econ\u00f3mico municipal, Ireri Rivera Garc\u00eda destac\u00f3 que la finalidad del programa se enfoca a capacitar a la ciudadan\u00eda en zonas vulnerables, en espec\u00edfico \u00a0a mujeres y \u00a0por instrucci\u00f3n directa del Presidente se buscar\u00e1 incluir a personas que realizan una actividad econ\u00f3mica en los cruceros.<\/p>\n<p>\u201cRealmente el objetivo del programa es que los grupos m\u00e1s vulnerables en los pol\u00edgonos de pobreza, sea\u00a0 donde tengamos capacitaciones y estemos haciendo acciones para generar econom\u00eda y fortalecer mejores condiciones\u201d, mencion\u00f3 la secretaria de Fomento Econ\u00f3mico.<\/p>\n","protected":false},"excerpt":{"rendered":"<p>Con el prop\u00f3sito de promover la capacitaci\u00f3n para el trabajo y dar formalidad a sectores vulnerables de la poblaci\u00f3n en Morelia, el Ayuntamiento firm\u00f3 un convenio de colaboraci\u00f3n con el ICATMI,<\/p>\n","protected":false},"author":1,"featured_media":20007,"comment_status":"open","ping_status":"open","sticky":false,"template":"","format":"standard","meta":{"footnotes":""},"categories":[14,9],"tags":[],"class_list":["post-20006","post","type-post","status-publish","format-standard","has-post-thumbnail","hentry","category-destacadas","category-morelia"],"_links":{"self":[{"href":"https:\/\/radiowebmx.com\/nota\/wp-json\/wp\/v2\/posts\/20006","targetHints":{"allow":["GET"]}}],"collection":[{"href":"https:\/\/radiowebmx.com\/nota\/wp-json\/wp\/v2\/posts"}],"about":[{"href":"https:\/\/radiowebmx.com\/nota\/wp-json\/wp\/v2\/types\/post"}],"author":[{"embeddable":true,"href":"https:\/\/radiowebmx.com\/nota\/wp-json\/wp\/v2\/users\/1"}],"replies":[{"embeddable":true,"href":"https:\/\/radiowebmx.com\/nota\/wp-json\/wp\/v2\/comments?post=20006"}],"version-history":[{"count":1,"href":"https:\/\/radiowebmx.com\/nota\/wp-json\/wp\/v2\/posts\/20006\/revisions"}],"predecessor-version":[{"id":20008,"href":"https:\/\/radiowebmx.com\/nota\/wp-json\/wp\/v2\/posts\/20006\/revisions\/20008"}],"wp:featuredmedia":[{"embeddable":true,"href":"https:\/\/radiowebmx.com\/nota\/wp-json\/wp\/v2\/media\/20007"}],"wp:attachment":[{"href":"https:\/\/radiowebmx.com\/nota\/wp-json\/wp\/v2\/media?parent=20006"}],"wp:term":[{"taxonomy":"category","embeddable":true,"href":"https:\/\/radiowebmx.com\/nota\/wp-json\/wp\/v2\/categories?post=20006"},{"taxonomy":"post_tag","embeddable":true,"href":"https:\/\/radiowebmx.com\/nota\/wp-json\/wp\/v2\/tags?post=20006"}],"curies":[{"name":"wp","href":"https:\/\/api.w.org\/{rel}","templated":true}]}}