{"id":20002,"date":"2015-12-01T14:30:10","date_gmt":"2015-12-01T20:30:10","guid":{"rendered":"https:\/\/radiowebmx.com\/nota\/?p=20002"},"modified":"2015-12-01T14:30:10","modified_gmt":"2015-12-01T20:30:10","slug":"reconoce-ayuntamiento-de-morelia-a-atletas-destacados","status":"publish","type":"post","link":"https:\/\/radiowebmx.com\/nota\/reconoce-ayuntamiento-de-morelia-a-atletas-destacados\/","title":{"rendered":"Reconoce Ayuntamiento de Morelia a atletas destacados"},"content":{"rendered":"<p><a href=\"https:\/\/radiowebmx.com\/nota\/wp-content\/uploads\/2015\/12\/95bbfe95-1bfa-4f2c-8485-0ac60a185091.jpg\"><img loading=\"lazy\" decoding=\"async\" class=\"alignleft size-full wp-image-20003\" src=\"https:\/\/radiowebmx.com\/nota\/wp-content\/uploads\/2015\/12\/95bbfe95-1bfa-4f2c-8485-0ac60a185091.jpg\" alt=\"95bbfe95-1bfa-4f2c-8485-0ac60a185091\" width=\"591\" height=\"396\" srcset=\"https:\/\/radiowebmx.com\/nota\/wp-content\/uploads\/2015\/12\/95bbfe95-1bfa-4f2c-8485-0ac60a185091.jpg 591w, https:\/\/radiowebmx.com\/nota\/wp-content\/uploads\/2015\/12\/95bbfe95-1bfa-4f2c-8485-0ac60a185091-300x201.jpg 300w\" sizes=\"auto, (max-width: 591px) 100vw, 591px\" \/><\/a>El esp\u00edritu de la lucha de los deportistas es compartido con el Gobierno Municipal en el af\u00e1n de superaci\u00f3n y disciplina que ayuden a la administraci\u00f3n a prepararse todos los d\u00edas para superar los desaf\u00edos y brindarle a la ciudadan\u00eda una mejor calidad de vida, as\u00ed lo se\u00f1al\u00f3 el Presidente, Alfonso Mart\u00ednez Alc\u00e1zar al presidir la sesi\u00f3n Solmene para entregar el Galard\u00f3n Municipal del Deporte \u201cBert\u00edn Aguilar P\u00e9rez\u201d.<\/p>\n<p>En la sesi\u00f3n desarrollada este lunes en el patio principal del Palacio Municipal, el Alcalde felicit\u00f3 a los deportistas que se hicieron acreedores a este galard\u00f3n, que es el reconocimiento m\u00e1ximo a los exponentes deportivos del municipio quienes d\u00eda a d\u00eda buscan triunfar en este \u00e1mbito.<\/p>\n<p>\u201cEste galard\u00f3n es el m\u00e1ximo reconocimiento de nuestro municipio a quienes se ha distinguido por llegar m\u00e1s alto, m\u00e1s r\u00e1pido y m\u00e1s fuerte hac\u00eda sus\u00a0 metas por eso me es muy grato destacar a un gran valor por quien lleva el nombre de esta presea a un promotor del deporte social y de alto rendimiento en el estado de Michoac\u00e1n como es el profesor Bert\u00edn Aguilar P\u00e9rez\u201d, se\u00f1al\u00f3 Alfonso Mart\u00ednez.<\/p>\n<p>En este sentido, asegur\u00f3 que el profesor Bert\u00edn P\u00e9rez es un deportista ejemplar, un atleta que busca siempre la victoria y que siempre se ha mostrado comprometido con el deporte siempre mirando hacia la parte m\u00e1s alta de p\u00f3dium, lo que representa un ejemplo para los ni\u00f1os y j\u00f3venes del municipio, por lo que es necesario que Morelia tenga m\u00e1s gu\u00edas deportivos, atletas destacados para que a trav\u00e9s de su temple, tenacidad,\u00a0 sabidur\u00eda y de su amor al deporte puedan encausar a m\u00e1s ni\u00f1os y j\u00f3venes en la pr\u00e1ctica del mismo.<\/p>\n","protected":false},"excerpt":{"rendered":"<p>Entregan el  Galard\u00f3n Municipal del Deporte \u201cBert\u00edn Aguilar P\u00e9rez\u201d a ocho deportistas destacados del municipio.<\/p>\n","protected":false},"author":1,"featured_media":20003,"comment_status":"open","ping_status":"open","sticky":false,"template":"","format":"standard","meta":{"footnotes":""},"categories":[14,9],"tags":[],"class_list":["post-20002","post","type-post","status-publish","format-standard","has-post-thumbnail","hentry","category-destacadas","category-morelia"],"_links":{"self":[{"href":"https:\/\/radiowebmx.com\/nota\/wp-json\/wp\/v2\/posts\/20002","targetHints":{"allow":["GET"]}}],"collection":[{"href":"https:\/\/radiowebmx.com\/nota\/wp-json\/wp\/v2\/posts"}],"about":[{"href":"https:\/\/radiowebmx.com\/nota\/wp-json\/wp\/v2\/types\/post"}],"author":[{"embeddable":true,"href":"https:\/\/radiowebmx.com\/nota\/wp-json\/wp\/v2\/users\/1"}],"replies":[{"embeddable":true,"href":"https:\/\/radiowebmx.com\/nota\/wp-json\/wp\/v2\/comments?post=20002"}],"version-history":[{"count":1,"href":"https:\/\/radiowebmx.com\/nota\/wp-json\/wp\/v2\/posts\/20002\/revisions"}],"predecessor-version":[{"id":20004,"href":"https:\/\/radiowebmx.com\/nota\/wp-json\/wp\/v2\/posts\/20002\/revisions\/20004"}],"wp:featuredmedia":[{"embeddable":true,"href":"https:\/\/radiowebmx.com\/nota\/wp-json\/wp\/v2\/media\/20003"}],"wp:attachment":[{"href":"https:\/\/radiowebmx.com\/nota\/wp-json\/wp\/v2\/media?parent=20002"}],"wp:term":[{"taxonomy":"category","embeddable":true,"href":"https:\/\/radiowebmx.com\/nota\/wp-json\/wp\/v2\/categories?post=20002"},{"taxonomy":"post_tag","embeddable":true,"href":"https:\/\/radiowebmx.com\/nota\/wp-json\/wp\/v2\/tags?post=20002"}],"curies":[{"name":"wp","href":"https:\/\/api.w.org\/{rel}","templated":true}]}}