{"id":19996,"date":"2015-12-01T13:58:06","date_gmt":"2015-12-01T19:58:06","guid":{"rendered":"https:\/\/radiowebmx.com\/nota\/?p=19996"},"modified":"2015-12-01T13:58:06","modified_gmt":"2015-12-01T19:58:06","slug":"ayuntamiento-de-morelia-restringe-apertura-y-ampliacion-de-horarios-a-negocios-del-giro-c","status":"publish","type":"post","link":"https:\/\/radiowebmx.com\/nota\/ayuntamiento-de-morelia-restringe-apertura-y-ampliacion-de-horarios-a-negocios-del-giro-c\/","title":{"rendered":"Ayuntamiento de Morelia restringe apertura y ampliaci\u00f3n de horarios a negocios del giro C"},"content":{"rendered":"<p><a href=\"https:\/\/radiowebmx.com\/nota\/wp-content\/uploads\/2015\/12\/eb98ac56-6463-4423-8200-5c87e777550d.jpg\"><img loading=\"lazy\" decoding=\"async\" class=\"alignleft size-full wp-image-19997\" src=\"https:\/\/radiowebmx.com\/nota\/wp-content\/uploads\/2015\/12\/eb98ac56-6463-4423-8200-5c87e777550d.jpg\" alt=\"eb98ac56-6463-4423-8200-5c87e777550d\" width=\"591\" height=\"269\" srcset=\"https:\/\/radiowebmx.com\/nota\/wp-content\/uploads\/2015\/12\/eb98ac56-6463-4423-8200-5c87e777550d.jpg 591w, https:\/\/radiowebmx.com\/nota\/wp-content\/uploads\/2015\/12\/eb98ac56-6463-4423-8200-5c87e777550d-300x137.jpg 300w\" sizes=\"auto, (max-width: 591px) 100vw, 591px\" \/><\/a>La Comisi\u00f3n de Fomento Industrial y Comercio del Ayuntamiento de Morelia present\u00f3 este lunes ante el Cabildo un Punto de Acuerdo mediante el cual se restringe la autorizaci\u00f3n de apertura y\/o cambio de domicilio, traspaso, cambio y\/o ampliaci\u00f3n de giro y ampliaci\u00f3n de horarios de licencias de funcionamiento para establecimientos del g\u00e9nero \u201cC\u201d, es decir, aquellos que venden bebidas alcoh\u00f3licas.<\/p>\n<p>El documento presentado por los regidores Germ\u00e1n Ireta Lino, Kathia Ort\u00edz \u00c1vila y Jorge Luis Tinoco Ort\u00edz, justifica esta acci\u00f3n debido al incremento de aperturas y cambio de domicilio de establecimientos donde se expenden y consumen bebidas alcoh\u00f3licas en colonias c\u00e9ntricas de la ciudad de Morelia, por lo que se requiere de mayor atenci\u00f3n y control, debido al efecto derivado de las actividades propias de estos giros que por su naturaleza se considera alteran el entorno ecol\u00f3gico, el orden y la seguridad p\u00fablica; o pueden producir efectos que resulten contrarios a la armon\u00eda, salud o bienestar de la comunidad en las inmediaciones de los establecimientos afectando el orden y la seguridad p\u00fablica.<\/p>\n<p>Cabe recordar que por disposici\u00f3n del Bando de Gobierno Municipal se determina como obligaci\u00f3n la observancia general, el aseguramiento del orden p\u00fablico, de la tranquilidad, seguridad y salud p\u00fablica y a garantizar la integridad f\u00edsica y moral de las personas, mediante la intervenci\u00f3n eficaz del Ayuntamiento en la vida comunitaria y la limitaci\u00f3n oportuna de la actividad de los particulares, generando con ello, el marco propicio de armon\u00eda para el desarrollo econ\u00f3mico, social, cultural, y pol\u00edtico del Municipio en aras de los valores de justicia, paz, orden y libertad.<\/p>\n","protected":false},"excerpt":{"rendered":"<p>La Comisi\u00f3n de Fomento Industrial y Comercio del Ayuntamiento de Morelia present\u00f3 este lunes ante el Cabildo un Punto de Acuerdo mediante el cual se restringe la autorizaci\u00f3n de apertura y\/o cambio de domicilio, traspaso,<\/p>\n","protected":false},"author":1,"featured_media":19997,"comment_status":"open","ping_status":"open","sticky":false,"template":"","format":"standard","meta":{"footnotes":""},"categories":[14,9],"tags":[],"class_list":["post-19996","post","type-post","status-publish","format-standard","has-post-thumbnail","hentry","category-destacadas","category-morelia"],"_links":{"self":[{"href":"https:\/\/radiowebmx.com\/nota\/wp-json\/wp\/v2\/posts\/19996","targetHints":{"allow":["GET"]}}],"collection":[{"href":"https:\/\/radiowebmx.com\/nota\/wp-json\/wp\/v2\/posts"}],"about":[{"href":"https:\/\/radiowebmx.com\/nota\/wp-json\/wp\/v2\/types\/post"}],"author":[{"embeddable":true,"href":"https:\/\/radiowebmx.com\/nota\/wp-json\/wp\/v2\/users\/1"}],"replies":[{"embeddable":true,"href":"https:\/\/radiowebmx.com\/nota\/wp-json\/wp\/v2\/comments?post=19996"}],"version-history":[{"count":1,"href":"https:\/\/radiowebmx.com\/nota\/wp-json\/wp\/v2\/posts\/19996\/revisions"}],"predecessor-version":[{"id":19998,"href":"https:\/\/radiowebmx.com\/nota\/wp-json\/wp\/v2\/posts\/19996\/revisions\/19998"}],"wp:featuredmedia":[{"embeddable":true,"href":"https:\/\/radiowebmx.com\/nota\/wp-json\/wp\/v2\/media\/19997"}],"wp:attachment":[{"href":"https:\/\/radiowebmx.com\/nota\/wp-json\/wp\/v2\/media?parent=19996"}],"wp:term":[{"taxonomy":"category","embeddable":true,"href":"https:\/\/radiowebmx.com\/nota\/wp-json\/wp\/v2\/categories?post=19996"},{"taxonomy":"post_tag","embeddable":true,"href":"https:\/\/radiowebmx.com\/nota\/wp-json\/wp\/v2\/tags?post=19996"}],"curies":[{"name":"wp","href":"https:\/\/api.w.org\/{rel}","templated":true}]}}