{"id":19992,"date":"2015-12-01T13:42:18","date_gmt":"2015-12-01T19:42:18","guid":{"rendered":"https:\/\/radiowebmx.com\/nota\/?p=19992"},"modified":"2015-12-01T13:43:20","modified_gmt":"2015-12-01T19:43:20","slug":"aprueba-ayuntamiento-punto-de-acuerdo-para-fortalecer-el-centro-municipal-de-informacion-publica","status":"publish","type":"post","link":"https:\/\/radiowebmx.com\/nota\/aprueba-ayuntamiento-punto-de-acuerdo-para-fortalecer-el-centro-municipal-de-informacion-publica\/","title":{"rendered":"Aprueba Ayuntamiento punto de acuerdo para fortalecer el Centro Municipal de Informaci\u00f3n P\u00fablica"},"content":{"rendered":"<p><a href=\"https:\/\/radiowebmx.com\/nota\/wp-content\/uploads\/2015\/12\/40fe1c83-1335-47a6-a668-69bd1f6e4eb9.jpg\"><img loading=\"lazy\" decoding=\"async\" class=\"alignleft size-full wp-image-19993\" src=\"https:\/\/radiowebmx.com\/nota\/wp-content\/uploads\/2015\/12\/40fe1c83-1335-47a6-a668-69bd1f6e4eb9.jpg\" alt=\"40fe1c83-1335-47a6-a668-69bd1f6e4eb9\" width=\"591\" height=\"394\" srcset=\"https:\/\/radiowebmx.com\/nota\/wp-content\/uploads\/2015\/12\/40fe1c83-1335-47a6-a668-69bd1f6e4eb9.jpg 591w, https:\/\/radiowebmx.com\/nota\/wp-content\/uploads\/2015\/12\/40fe1c83-1335-47a6-a668-69bd1f6e4eb9-300x200.jpg 300w\" sizes=\"auto, (max-width: 591px) 100vw, 591px\" \/><\/a>Con el objetivo de cumplir con los derechos de los ciudadanos en cuanto a la transparencia y el acceso a la informaci\u00f3n se aprob\u00f3, en sesi\u00f3n ordinaria celebrada este lunes, el Punto de Acuerdo mediante el cual se pretender fortalecer al Centro Municipal de Informaci\u00f3n P\u00fablica (CEMUNIP), el cual pretender que la administraci\u00f3n municipal establezca una ser\u00eda de acciones concretas para potenciar financiera, operativa, tecnol\u00f3gica y jur\u00eddicamente las acciones de este centro.<\/p>\n<p>Encabezada por el Presidente Municipal, Alfonso Mart\u00ednez Alc\u00e1zar, durante la lectura del documento se especific\u00f3 que es necesaria la reubicaci\u00f3n del CEMUNIP, hacia nuevas oficinas que sean dignas y a la altura de las responsabilidades de dicho \u00f3rgano, ya que la actual sede ubicada en la calle de Galena #398 en el Centro de Morelia, se encuentran en condiciones no \u00f3ptimas para brindar su servicio de calidad.<\/p>\n<p>De igual forma se aprob\u00f3 por mayor\u00eda que se realice una reasignaci\u00f3n de recursos para la operaci\u00f3n del CEMUNIP, ya que sin contar el pago de n\u00f3mina, dicha instituci\u00f3n s\u00f3lo cuenta con poco m\u00e1s de 50 mil pesos,\u00a0 de igual forma se mencion\u00f3 que es necesario establecer un esquema de difusi\u00f3n de las actividades, funciones y labores del CEMUNIP, para que la ciudadan\u00eda se involucre de manera activa en el ejercicio de la Transparencia y Acceso a la Informaci\u00f3n, conociendo de este modo los derechos que la Ley otorga.<\/p>\n<p>Asimismo, el documento presentado por el regidor Santiago Rodr\u00edguez, se especifica que es precis\u00f3 dotar al CEMUNIP de los medios tecnol\u00f3gicos y el personal humano suficiente para el cumplimiento de sus atribuciones, debido a que actualmente s\u00f3lo se cuenta con 3 trabajadores asignados a dicho organismo.<\/p>\n<p>En otro orden de ideas durante la misma sesi\u00f3n, se aprob\u00f3 por unanimidad el Punto de Acuerdo para exhortar al Ayuntamiento de Morelia para establecer un Comit\u00e9 encargado de aclarar la informaci\u00f3n p\u00fablica municipal relacionada con la obra del Teatro Matamoros, presentado por el regidor Santiago Rodr\u00edguez Herrej\u00f3n.<\/p>\n<p>Esto con el objetivo de cumplir con las disposiciones legales en materia de transparencia y acceso a la informaci\u00f3n, responder a las demandas ciudadanas que exigen conocer el destino de los recursos p\u00fablicos invertidos en la citada obra y asimismo coadyuvar en el restablecimiento de la confianza de la ciudadan\u00eda en las instituciones p\u00fablicas.<\/p>\n<p>Cabe recordar que el proyecto para el nuevo teatro Mariano Matamoros nace de la necesidad de brindar al Centro hist\u00f3rico de Morelia un espacio polivalente capaz de albergar diversas actividades culturales y sociales, puestas en escena, proyecciones de cine, espect\u00e1culos y eventos sociales.<\/p>\n<p>Dicho proyecto contemplaba un esquema de participaci\u00f3n econ\u00f3mica federal y estatal, aunque adicionalmente el Municipio de Morelia tambi\u00e9n form\u00f3 parte al aportar recursos para la conformaci\u00f3n del fideicomiso encargado de la obra, de igual forma,\u00a0 el Ayuntamiento fung\u00eda como fideicomitente y fideicomisario en segundo lugar, ya que el primer lugar lo ocupaba el Gobierno del Estado, todo ello asentado en sendas actas de cabildo relativas a los a\u00f1os 2008 y 2009.<\/p>\n","protected":false},"excerpt":{"rendered":"<p>En la sesi\u00f3n ordinaria, celebrada este lunes, tambi\u00e9n se aprob\u00f3 el Punto de Acuerdo mediante el cual se pide la instalaci\u00f3n de un comit\u00e9 encargado de aclarar la informaci\u00f3n p\u00fablica municipal relacionada con la obra del Teatro Matamoros. <\/p>\n","protected":false},"author":1,"featured_media":19993,"comment_status":"open","ping_status":"open","sticky":false,"template":"","format":"standard","meta":{"footnotes":""},"categories":[14,9],"tags":[],"class_list":["post-19992","post","type-post","status-publish","format-standard","has-post-thumbnail","hentry","category-destacadas","category-morelia"],"_links":{"self":[{"href":"https:\/\/radiowebmx.com\/nota\/wp-json\/wp\/v2\/posts\/19992","targetHints":{"allow":["GET"]}}],"collection":[{"href":"https:\/\/radiowebmx.com\/nota\/wp-json\/wp\/v2\/posts"}],"about":[{"href":"https:\/\/radiowebmx.com\/nota\/wp-json\/wp\/v2\/types\/post"}],"author":[{"embeddable":true,"href":"https:\/\/radiowebmx.com\/nota\/wp-json\/wp\/v2\/users\/1"}],"replies":[{"embeddable":true,"href":"https:\/\/radiowebmx.com\/nota\/wp-json\/wp\/v2\/comments?post=19992"}],"version-history":[{"count":2,"href":"https:\/\/radiowebmx.com\/nota\/wp-json\/wp\/v2\/posts\/19992\/revisions"}],"predecessor-version":[{"id":19995,"href":"https:\/\/radiowebmx.com\/nota\/wp-json\/wp\/v2\/posts\/19992\/revisions\/19995"}],"wp:featuredmedia":[{"embeddable":true,"href":"https:\/\/radiowebmx.com\/nota\/wp-json\/wp\/v2\/media\/19993"}],"wp:attachment":[{"href":"https:\/\/radiowebmx.com\/nota\/wp-json\/wp\/v2\/media?parent=19992"}],"wp:term":[{"taxonomy":"category","embeddable":true,"href":"https:\/\/radiowebmx.com\/nota\/wp-json\/wp\/v2\/categories?post=19992"},{"taxonomy":"post_tag","embeddable":true,"href":"https:\/\/radiowebmx.com\/nota\/wp-json\/wp\/v2\/tags?post=19992"}],"curies":[{"name":"wp","href":"https:\/\/api.w.org\/{rel}","templated":true}]}}