{"id":1999,"date":"2013-03-27T11:21:01","date_gmt":"2013-03-27T17:21:01","guid":{"rendered":"https:\/\/radiowebmx.com\/nota\/?p=1999"},"modified":"2013-03-27T11:21:01","modified_gmt":"2013-03-27T17:21:01","slug":"estrecha-coordinacion-para-beneficio-del-campo-reyna","status":"publish","type":"post","link":"https:\/\/radiowebmx.com\/nota\/estrecha-coordinacion-para-beneficio-del-campo-reyna\/","title":{"rendered":"Estrecha coordinaci\u00f3n para beneficio del campo: Reyna"},"content":{"rendered":"<p>El gobernador\u00a0 Fausto Vallejo Figueroa ha instruido al gabinete estatal para que exista una estrecha y permanente coordinaci\u00f3n entre el estado de Michoac\u00e1n y la Federaci\u00f3n, para potencializar los recursos en beneficio del campo michoacano, asegur\u00f3 el secretario de Gobierno, J. Jes\u00fas Reyna Garc\u00eda.<\/p>\n<p>Al acudir en representaci\u00f3n del titular del Poder Ejecutivo estatal a la toma de protesta del nuevo delegado en la entidad de la Secretar\u00eda de Agricultura, Ganader\u00eda, Desarrollo Rural, Pesca y Alimentaci\u00f3n federal (SAGARPA), Antonio Guzm\u00e1n Casta\u00f1eda, Reyna Garc\u00eda destac\u00f3 la trayectoria y experiencia del nuevo funcionario federal en esa materia.<\/p>\n<p>Record\u00f3 que Guzm\u00e1n Casta\u00f1eda ocup\u00f3 en el pasado la titularidad de la Secretar\u00eda de Desarrollo Agropecuario en el gobierno de la entidad y m\u00e1s recientemente, se ocup\u00f3 de esas funciones en el municipio de Morelia, habiendo entregado siempre resultados satisfactorios.<\/p>\n<p>El responsable de la pol\u00edtica interna de la entidad fue portador de un saludo y agradecimiento enviado por el gobernador Fausto Vallejo Figueroa, al coordinador de Delegaciones de la SAGARPA, V\u00edctor Hugo Celaya Celaya, as\u00ed como un reconocimiento al trabajo desarrollado por Esteban Cruzaley D\u00edaz Barriga, quien concluye su funci\u00f3n.<\/p>\n<p>A\u00f1adi\u00f3 que con el relevo institucional, se abre una nueva p\u00e1gina de \u00e9xitos en beneficio de los michoacanos, toda vez que existe la plena seguridad de que Antonio Guzm\u00e1n Casta\u00f1eda realizar\u00e1 un buen papel con el apoyo de todos los que lo conocen y saben de su profesionalismo y entrega.<\/p>\n<p>Finalmente, Reyna Garc\u00eda resalt\u00f3 el inter\u00e9s que tiene el gobernador de Michoac\u00e1n Fausto Vallejo, porque se logren mejores condiciones para el desarrollo del campo estatal, mediante una estrecha coordinaci\u00f3n entre la entidad y la Federaci\u00f3n, lo que ser\u00e1 posible con el trabajo del nuevo delegado.<\/p>\n","protected":false},"excerpt":{"rendered":"<p>El gobernador  Fausto Vallejo Figueroa ha instruido al gabinete estatal para que exista una estrecha y permanente coordinaci\u00f3n entre el estado de Michoac\u00e1n y la Federaci\u00f3n, para potencializar los recursos en beneficio del campo michoacano, asegur\u00f3 el secretario de Gobierno, J. Jes\u00fas Reyna Garc\u00eda.<\/p>\n","protected":false},"author":1,"featured_media":0,"comment_status":"open","ping_status":"open","sticky":false,"template":"","format":"standard","meta":{"footnotes":""},"categories":[3],"tags":[],"class_list":["post-1999","post","type-post","status-publish","format-standard","hentry","category-gobierno-del-estado-de-michoacan"],"_links":{"self":[{"href":"https:\/\/radiowebmx.com\/nota\/wp-json\/wp\/v2\/posts\/1999","targetHints":{"allow":["GET"]}}],"collection":[{"href":"https:\/\/radiowebmx.com\/nota\/wp-json\/wp\/v2\/posts"}],"about":[{"href":"https:\/\/radiowebmx.com\/nota\/wp-json\/wp\/v2\/types\/post"}],"author":[{"embeddable":true,"href":"https:\/\/radiowebmx.com\/nota\/wp-json\/wp\/v2\/users\/1"}],"replies":[{"embeddable":true,"href":"https:\/\/radiowebmx.com\/nota\/wp-json\/wp\/v2\/comments?post=1999"}],"version-history":[{"count":1,"href":"https:\/\/radiowebmx.com\/nota\/wp-json\/wp\/v2\/posts\/1999\/revisions"}],"predecessor-version":[{"id":2000,"href":"https:\/\/radiowebmx.com\/nota\/wp-json\/wp\/v2\/posts\/1999\/revisions\/2000"}],"wp:attachment":[{"href":"https:\/\/radiowebmx.com\/nota\/wp-json\/wp\/v2\/media?parent=1999"}],"wp:term":[{"taxonomy":"category","embeddable":true,"href":"https:\/\/radiowebmx.com\/nota\/wp-json\/wp\/v2\/categories?post=1999"},{"taxonomy":"post_tag","embeddable":true,"href":"https:\/\/radiowebmx.com\/nota\/wp-json\/wp\/v2\/tags?post=1999"}],"curies":[{"name":"wp","href":"https:\/\/api.w.org\/{rel}","templated":true}]}}