{"id":19987,"date":"2015-12-01T13:35:09","date_gmt":"2015-12-01T19:35:09","guid":{"rendered":"https:\/\/radiowebmx.com\/nota\/?p=19987"},"modified":"2015-12-01T13:35:09","modified_gmt":"2015-12-01T19:35:09","slug":"cierra-con-exito-el-ii-encuentro-nacional-del-mezcal-2015","status":"publish","type":"post","link":"https:\/\/radiowebmx.com\/nota\/cierra-con-exito-el-ii-encuentro-nacional-del-mezcal-2015\/","title":{"rendered":"Cierra con  \u00e9xito el II Encuentro Nacional del Mezcal 2015"},"content":{"rendered":"<p>Con un \u00e9xito total y una satisfacci\u00f3n completa por parte de los productores, este domingo cerr\u00f3 el II Encuentro Nacional del Mezcal Morelia 2015. La cifra de visitantes se acerc\u00f3 a los 8 mil, n\u00famero superior a los 4 mil 800 visitantes en el a\u00f1o anterior, reportados ante el Instituto Nacional del Emprendedor (INADEM), as\u00ed lo inform\u00f3 la secretaria de Fomento Econ\u00f3mico de Morelia, Ireri Rivera Garc\u00eda.<\/p>\n<p>La derrama econ\u00f3mica reportada tambi\u00e9n favoreci\u00f3 a los productores que ofertaron 116 distintas marcas de mezcal tanto del estado de Michoac\u00e1n, donde se incluye a Morelia, como de los 13 estados visitantes este a\u00f1o, logrando ventas, de acuerdo a datos preliminares, que alcanzaron los tres millones de pesos, un mill\u00f3n de pesos m\u00e1s, que lo manifestado ante la federaci\u00f3n en la primera edici\u00f3n del Encuentro del Mezcal.<\/p>\n<p>La encargada de la pol\u00edtica econ\u00f3mica local, puntualiz\u00f3 que el segundo encuentro mezcalero, adem\u00e1s, favoreci\u00f3 la industria hotelera y restaurantes, ya que se observ\u00f3, de acuerdo a los registros de visitantes, un importante n\u00famero de turistas de otras entidades del pa\u00eds, sobre todo dijo, de los lugares donde se hizo promoci\u00f3n del evento como fue, Guadalajara, Guanajuato, Distrito Federal, Quer\u00e9taro y Puebla entre otros, permitiendo con ello, fortalecer la industria tur\u00edstica de Morelia a nivel nacional.<\/p>\n<p>A lo largo de tres d\u00edas, m\u00e1s de cien productores de mezcal de 13 entidades del pa\u00eds, como: Oaxaca, Jalisco, San Luis Potos\u00ed, Guerrero, Puebla, Coahuila, Michoac\u00e1n, Quer\u00e9taro y Guanajuato entre otros, lograron no solo exponer la calidad de sus productos en 54 stands, sino tambi\u00e9n hacer nuevos negocios, intercambiar experiencias y fortalecer sus conocimientos en la venta y producci\u00f3n de mezcal.<\/p>\n<p>La titular de la Secretar\u00eda de Fomento Econ\u00f3mico, asegur\u00f3 que se cumplieron las expectativas del evento de coadyuvar en el fortalecimiento del negocio del mezcal local y nacional, y asegur\u00f3 que se trabaja en la consolidaci\u00f3n de la llamada \u201cRuta de la Trucha y el Mezcal\u201d para que los morelianos y visitantes puedan disfrutar de esta riqueza gastron\u00f3mica y de la bebida artesanal.<\/p>\n<p>El \u00e9xito del II Encuentro del Mezcal, refiri\u00f3 la secretaria de Fomento Econ\u00f3mico, fue tal, que incluso desde el segundo d\u00eda, productores de otras entidades dejaron el evento ante la venta total de sus productos. Mientras que para el domingo, la gran mayor\u00eda mostraron su satisfacci\u00f3n por la venta completa.<br \/>\nDe esta manera, indic\u00f3, el Ayuntamiento de Morelia, que preside el Alcalde Alfonso Mart\u00ednez Alc\u00e1zar, reafirma su inter\u00e9s en impulsar a los productores locales de mezcal y contribuir al fortalecimiento de la econom\u00eda de los morelianos.<\/p>\n","protected":false},"excerpt":{"rendered":"<p>Con un \u00e9xito total y una satisfacci\u00f3n completa por parte de los productores, este domingo cerr\u00f3 el II Encuentro Nacional del Mezcal Morelia 2015.<\/p>\n","protected":false},"author":1,"featured_media":19988,"comment_status":"open","ping_status":"open","sticky":false,"template":"","format":"standard","meta":{"footnotes":""},"categories":[14,9],"tags":[],"class_list":["post-19987","post","type-post","status-publish","format-standard","has-post-thumbnail","hentry","category-destacadas","category-morelia"],"_links":{"self":[{"href":"https:\/\/radiowebmx.com\/nota\/wp-json\/wp\/v2\/posts\/19987","targetHints":{"allow":["GET"]}}],"collection":[{"href":"https:\/\/radiowebmx.com\/nota\/wp-json\/wp\/v2\/posts"}],"about":[{"href":"https:\/\/radiowebmx.com\/nota\/wp-json\/wp\/v2\/types\/post"}],"author":[{"embeddable":true,"href":"https:\/\/radiowebmx.com\/nota\/wp-json\/wp\/v2\/users\/1"}],"replies":[{"embeddable":true,"href":"https:\/\/radiowebmx.com\/nota\/wp-json\/wp\/v2\/comments?post=19987"}],"version-history":[{"count":1,"href":"https:\/\/radiowebmx.com\/nota\/wp-json\/wp\/v2\/posts\/19987\/revisions"}],"predecessor-version":[{"id":19989,"href":"https:\/\/radiowebmx.com\/nota\/wp-json\/wp\/v2\/posts\/19987\/revisions\/19989"}],"wp:featuredmedia":[{"embeddable":true,"href":"https:\/\/radiowebmx.com\/nota\/wp-json\/wp\/v2\/media\/19988"}],"wp:attachment":[{"href":"https:\/\/radiowebmx.com\/nota\/wp-json\/wp\/v2\/media?parent=19987"}],"wp:term":[{"taxonomy":"category","embeddable":true,"href":"https:\/\/radiowebmx.com\/nota\/wp-json\/wp\/v2\/categories?post=19987"},{"taxonomy":"post_tag","embeddable":true,"href":"https:\/\/radiowebmx.com\/nota\/wp-json\/wp\/v2\/tags?post=19987"}],"curies":[{"name":"wp","href":"https:\/\/api.w.org\/{rel}","templated":true}]}}