{"id":19981,"date":"2015-12-01T13:23:50","date_gmt":"2015-12-01T19:23:50","guid":{"rendered":"https:\/\/radiowebmx.com\/nota\/?p=19981"},"modified":"2015-12-01T13:23:50","modified_gmt":"2015-12-01T19:23:50","slug":"profesores-del-magisterio-se-suman-al-proyecto-politico-del-pri-en-sahuayo-e-hidalgo","status":"publish","type":"post","link":"https:\/\/radiowebmx.com\/nota\/profesores-del-magisterio-se-suman-al-proyecto-politico-del-pri-en-sahuayo-e-hidalgo\/","title":{"rendered":"PROFESORES DEL MAGISTERIO SE SUMAN AL PROYECTO POL\u00cdTICO DEL PRI EN SAHUAYO E HIDALGO."},"content":{"rendered":"<p class=\"ecxMsoNormal\"><span lang=\"ES-MX\"> <a href=\"https:\/\/radiowebmx.com\/nota\/wp-content\/uploads\/2015\/12\/IMG-20151128-WA0002.jpg\"><img loading=\"lazy\" decoding=\"async\" class=\"alignleft size-full wp-image-19982\" src=\"https:\/\/radiowebmx.com\/nota\/wp-content\/uploads\/2015\/12\/IMG-20151128-WA0002.jpg\" alt=\"IMG-20151128-WA0002\" width=\"591\" height=\"383\" srcset=\"https:\/\/radiowebmx.com\/nota\/wp-content\/uploads\/2015\/12\/IMG-20151128-WA0002.jpg 591w, https:\/\/radiowebmx.com\/nota\/wp-content\/uploads\/2015\/12\/IMG-20151128-WA0002-300x194.jpg 300w\" sizes=\"auto, (max-width: 591px) 100vw, 591px\" \/><\/a>Los candidatos del PRI en el municipio de Sahuayo, Ricardo S\u00e1nchez G\u00e1lvez y en el Distrito de Hidalgo, Salvador Pe\u00f1a Ram\u00edrez, siguen con una campa\u00f1a incluyente, de propuestas, de tocar casa por casa.<\/span><\/p>\n<p class=\"ecxMsoNormal\"><span lang=\"ES-MX\">En reuniones privadas que sostuvieron ambos candidatos con una ala importante del magisterio institucional, con la dirigencia estatal del PRI encabezada por el Presidente Agust\u00edn Trujillo \u00cd\u00f1iguez y la Secretaria General Yanitzi Palomo Calder\u00f3n,\u00a0 se acord\u00f3 que el magisterio formar\u00e1 parte del proyecto pol\u00edtico del PRI en estas elecciones extraordinarias, acompa\u00f1ando a su exl\u00edder estatal Sarbelio Molina V\u00e9lez, lo que representa un gran apoyo a los candidatos del PRI.<\/span><\/p>\n<p class=\"ecxMsoNormal\"><span lang=\"ES-MX\">El dirigente estatal del PRI, Agust\u00edn Trujillo \u00cd\u00f1iguez, se\u00f1al\u00f3 que \u201clas campa\u00f1as del PRI son incluyentes, para quienes se quieran sumar a este proyecto las puertas est\u00e1n abiertas, sin importar que vengan de otros institutos pol\u00edticos, si vienen a sumar son bienvenidos\u201d.<\/span><\/p>\n<p class=\"ecxMsoNormal\"><span lang=\"ES-MX\">En este tenor, reconoci\u00f3 la labor que han hecho los abanderados del tricolor en el municipio de Sahuayo, Ricardo S\u00e1nchez y Salvador Pe\u00f1a en el distrito de Hidalgo, pues han logrado sumar a personas de todos los institutos pol\u00edticos, \u201cesto significa que la campa\u00f1a de ellos es la mejor de todas, que es una campa\u00f1a que tiene propuestas e iniciativas para solucionar las necesidades que aquejan en ambos lugares\u201d.<\/span><\/p>\n<p class=\"ecxMsoNormal\"><span lang=\"ES-MX\">As\u00ed pues, el l\u00edder pri\u00edsta, invit\u00f3 a la ciudadan\u00eda del Distrito XII con cabecera en Hidalgo y a los sahuayences a refrendar su voto a favor de los candidatos del PRI, \u201cseguro estoy que con el gran trabajo que los dos han realizado, con la capacidad probada que tienen, el voto de la gente este pr\u00f3ximo 6 de diciembre nos favorecer\u00e1 y vamos a ganar\u201d.<\/span><\/p>\n","protected":false},"excerpt":{"rendered":"<p>Los candidatos del PRI en el municipio de Sahuayo, Ricardo S\u00e1nchez G\u00e1lvez y en el Distrito de Hidalgo, Salvador Pe\u00f1a Ram\u00edrez, siguen con una campa\u00f1a incluyente, de propuestas, de tocar casa por casa.<\/p>\n","protected":false},"author":1,"featured_media":19982,"comment_status":"open","ping_status":"open","sticky":false,"template":"","format":"standard","meta":{"footnotes":""},"categories":[11,12],"tags":[],"class_list":["post-19981","post","type-post","status-publish","format-standard","has-post-thumbnail","hentry","category-partidos-politicos","category-pri"],"_links":{"self":[{"href":"https:\/\/radiowebmx.com\/nota\/wp-json\/wp\/v2\/posts\/19981","targetHints":{"allow":["GET"]}}],"collection":[{"href":"https:\/\/radiowebmx.com\/nota\/wp-json\/wp\/v2\/posts"}],"about":[{"href":"https:\/\/radiowebmx.com\/nota\/wp-json\/wp\/v2\/types\/post"}],"author":[{"embeddable":true,"href":"https:\/\/radiowebmx.com\/nota\/wp-json\/wp\/v2\/users\/1"}],"replies":[{"embeddable":true,"href":"https:\/\/radiowebmx.com\/nota\/wp-json\/wp\/v2\/comments?post=19981"}],"version-history":[{"count":1,"href":"https:\/\/radiowebmx.com\/nota\/wp-json\/wp\/v2\/posts\/19981\/revisions"}],"predecessor-version":[{"id":19983,"href":"https:\/\/radiowebmx.com\/nota\/wp-json\/wp\/v2\/posts\/19981\/revisions\/19983"}],"wp:featuredmedia":[{"embeddable":true,"href":"https:\/\/radiowebmx.com\/nota\/wp-json\/wp\/v2\/media\/19982"}],"wp:attachment":[{"href":"https:\/\/radiowebmx.com\/nota\/wp-json\/wp\/v2\/media?parent=19981"}],"wp:term":[{"taxonomy":"category","embeddable":true,"href":"https:\/\/radiowebmx.com\/nota\/wp-json\/wp\/v2\/categories?post=19981"},{"taxonomy":"post_tag","embeddable":true,"href":"https:\/\/radiowebmx.com\/nota\/wp-json\/wp\/v2\/tags?post=19981"}],"curies":[{"name":"wp","href":"https:\/\/api.w.org\/{rel}","templated":true}]}}