{"id":19978,"date":"2015-11-30T11:44:56","date_gmt":"2015-11-30T17:44:56","guid":{"rendered":"https:\/\/radiowebmx.com\/nota\/?p=19978"},"modified":"2015-11-30T11:44:56","modified_gmt":"2015-11-30T17:44:56","slug":"invita-ayuntamiento-a-disfrutar-del-ultimo-dia-del-encuentro-nacional-de-mezcal-en-morelia","status":"publish","type":"post","link":"https:\/\/radiowebmx.com\/nota\/invita-ayuntamiento-a-disfrutar-del-ultimo-dia-del-encuentro-nacional-de-mezcal-en-morelia\/","title":{"rendered":"Invita Ayuntamiento a disfrutar del \u00faltimo d\u00eda del Encuentro Nacional de Mezcal en Morelia"},"content":{"rendered":"<p><a href=\"https:\/\/radiowebmx.com\/nota\/wp-content\/uploads\/2015\/11\/44c7a886-bd68-4bf8-a428-b56cdfb2b066.jpg\"><img loading=\"lazy\" decoding=\"async\" class=\"alignleft size-full wp-image-19979\" src=\"https:\/\/radiowebmx.com\/nota\/wp-content\/uploads\/2015\/11\/44c7a886-bd68-4bf8-a428-b56cdfb2b066.jpg\" alt=\"44c7a886-bd68-4bf8-a428-b56cdfb2b066\" width=\"591\" height=\"307\" srcset=\"https:\/\/radiowebmx.com\/nota\/wp-content\/uploads\/2015\/11\/44c7a886-bd68-4bf8-a428-b56cdfb2b066.jpg 591w, https:\/\/radiowebmx.com\/nota\/wp-content\/uploads\/2015\/11\/44c7a886-bd68-4bf8-a428-b56cdfb2b066-300x156.jpg 300w\" sizes=\"auto, (max-width: 591px) 100vw, 591px\" \/><\/a>El Gobierno Municipal encabezado por el Presidente Alfonso Mart\u00ednez Alc\u00e1zar, invita a las y los morelianos a disfrutar del \u00faltimo d\u00eda del Segundo Encuentro Nacional del Mezcal, el cual se desarrolla en los jardines del Centro de Convenciones y en donde podr\u00e1n degustar el mejor mezcal producido en Morelia.<\/p>\n<p>Es de recordar que esta feria arranc\u00f3 el pasado viernes y culminar\u00e1 este domingo a las 16:00 horas, \u201ca\u00fan tienen tiempo para disfrutar de este encuentro que sin duda traer\u00e1 grandes beneficios para los productores de mezcal en nuestra ciudad\u201d, coment\u00f3 el Alcalde Mart\u00ednez Alc\u00e1zar.<\/p>\n<p>Durante esta segunda edici\u00f3n, adem\u00e1s de la producci\u00f3n de mezcal de Morelia,\u00a0 se cuenta con la participaci\u00f3n de\u00a0 los estados de Oaxaca, Guerrero, Zacatecas, Quer\u00e9taro, Guanajuato, Sonora, Puebla, Jalisco, Chihuahua, Tamaulipas y el Distrito Federal.<\/p>\n<p>Uno de los objetivos de este encuentro, es el de consolidar el Mezcal como una bebida del municipio que genere empleos y compita en otros estados de la Rep\u00fablica Mexicana, por lo que durante esta administraci\u00f3n, se dar\u00e1 apoyo total a este festival para que tome m\u00e1s relevancia y pueda\u00a0 consolidarse como un atractivo del municipio de Morelia.<\/p>\n","protected":false},"excerpt":{"rendered":"<p>El Gobierno Municipal encabezado por el Presidente Alfonso Mart\u00ednez Alc\u00e1zar, invita a las y los morelianos a disfrutar del \u00faltimo d\u00eda del Segundo Encuentro Nacional del Mezcal, el cual se desarrolla en los jardines del Centro de Convenciones y en donde podr\u00e1n degustar el mejor mezcal producido en Morelia.<\/p>\n","protected":false},"author":1,"featured_media":19979,"comment_status":"open","ping_status":"open","sticky":false,"template":"","format":"standard","meta":{"footnotes":""},"categories":[14,9],"tags":[],"class_list":["post-19978","post","type-post","status-publish","format-standard","has-post-thumbnail","hentry","category-destacadas","category-morelia"],"_links":{"self":[{"href":"https:\/\/radiowebmx.com\/nota\/wp-json\/wp\/v2\/posts\/19978","targetHints":{"allow":["GET"]}}],"collection":[{"href":"https:\/\/radiowebmx.com\/nota\/wp-json\/wp\/v2\/posts"}],"about":[{"href":"https:\/\/radiowebmx.com\/nota\/wp-json\/wp\/v2\/types\/post"}],"author":[{"embeddable":true,"href":"https:\/\/radiowebmx.com\/nota\/wp-json\/wp\/v2\/users\/1"}],"replies":[{"embeddable":true,"href":"https:\/\/radiowebmx.com\/nota\/wp-json\/wp\/v2\/comments?post=19978"}],"version-history":[{"count":1,"href":"https:\/\/radiowebmx.com\/nota\/wp-json\/wp\/v2\/posts\/19978\/revisions"}],"predecessor-version":[{"id":19980,"href":"https:\/\/radiowebmx.com\/nota\/wp-json\/wp\/v2\/posts\/19978\/revisions\/19980"}],"wp:featuredmedia":[{"embeddable":true,"href":"https:\/\/radiowebmx.com\/nota\/wp-json\/wp\/v2\/media\/19979"}],"wp:attachment":[{"href":"https:\/\/radiowebmx.com\/nota\/wp-json\/wp\/v2\/media?parent=19978"}],"wp:term":[{"taxonomy":"category","embeddable":true,"href":"https:\/\/radiowebmx.com\/nota\/wp-json\/wp\/v2\/categories?post=19978"},{"taxonomy":"post_tag","embeddable":true,"href":"https:\/\/radiowebmx.com\/nota\/wp-json\/wp\/v2\/tags?post=19978"}],"curies":[{"name":"wp","href":"https:\/\/api.w.org\/{rel}","templated":true}]}}